{"id":2251,"date":"2015-10-29T13:23:26","date_gmt":"2015-10-29T12:23:26","guid":{"rendered":"https:\/\/mandu.si\/ls\/2015\/10\/29\/2-seja-skupscine-las-stik\/"},"modified":"2021-03-12T18:09:55","modified_gmt":"2021-03-12T17:09:55","slug":"2-seja-skupscine-las-stik","status":"publish","type":"post","link":"https:\/\/www.las-stik.si\/programsko-obdobje-2014-2020\/novice\/2-seja-skupscine-las-stik\/","title":{"rendered":"2. SEJA SKUP\u0160\u010cINE LAS STIK"},"content":{"rendered":"<p>V sredo, 28. oktobra 2015, ob 18. uri je potekala druga skup&scaron;\u010dina vseh \u010dlanov LAS STIK, in sicer v prostorih Centra za izobra\u017eevanje in kulturo.<a href=\"https:\/\/mandu.si\/ls\/?p=2248\">&#8230;preberite ve\u010d&#8230;<\/a><\/p>\n<p>  <!--more-->  <\/p>\n<p>Prisotni \u010dlani LAS STIK so se na skup&scaron;\u010dini seznanili s podrobno vsebino Strategije lokalnega razvoja LAS STIK, ki jo je predstavila Patricija Pavli\u010d. Po konstruktivni razpravi so \u010dlani SLR LAS STIK soglasno potrdili. Hkrati so za Vodilnega partnerja LAS STIK potrdili Center za izobra\u017eevanje in kulturo Trebnje in sprejeli Aneks &scaron;t. 1 k pogodbi o ustanovitvi in delovanju LAS STIK.<\/p>\n","protected":false},"excerpt":{"rendered":"<p>V sredo, 28. oktobra 2015, ob 18. uri je potekala druga skup&scaron;\u010dina vseh \u010dlanov LAS STIK, in sicer v prostorih Centra za izobra\u017eevanje in kulturo.&#8230;preberite ve\u010d&#8230;<\/p>\n","protected":false},"author":1,"featured_media":0,"comment_status":"closed","ping_status":"closed","sticky":false,"template":"","format":"standard","meta":{"footnotes":""},"categories":[33],"tags":[],"_links":{"self":[{"href":"https:\/\/www.las-stik.si\/programsko-obdobje-2014-2020\/wp-json\/wp\/v2\/posts\/2251"}],"collection":[{"href":"https:\/\/www.las-stik.si\/programsko-obdobje-2014-2020\/wp-json\/wp\/v2\/posts"}],"about":[{"href":"https:\/\/www.las-stik.si\/programsko-obdobje-2014-2020\/wp-json\/wp\/v2\/types\/post"}],"author":[{"embeddable":true,"href":"https:\/\/www.las-stik.si\/programsko-obdobje-2014-2020\/wp-json\/wp\/v2\/users\/1"}],"replies":[{"embeddable":true,"href":"https:\/\/www.las-stik.si\/programsko-obdobje-2014-2020\/wp-json\/wp\/v2\/comments?post=2251"}],"version-history":[{"count":0,"href":"https:\/\/www.las-stik.si\/programsko-obdobje-2014-2020\/wp-json\/wp\/v2\/posts\/2251\/revisions"}],"wp:attachment":[{"href":"https:\/\/www.las-stik.si\/programsko-obdobje-2014-2020\/wp-json\/wp\/v2\/media?parent=2251"}],"wp:term":[{"taxonomy":"category","embeddable":true,"href":"https:\/\/www.las-stik.si\/programsko-obdobje-2014-2020\/wp-json\/wp\/v2\/categories?post=2251"},{"taxonomy":"post_tag","embeddable":true,"href":"https:\/\/www.las-stik.si\/programsko-obdobje-2014-2020\/wp-json\/wp\/v2\/tags?post=2251"}],"curies":[{"name":"wp","href":"https:\/\/api.w.org\/{rel}","templated":true}]}}