{"id":2273,"date":"2017-10-03T09:12:42","date_gmt":"2017-10-03T08:12:42","guid":{"rendered":"https:\/\/mandu.si\/ls\/2017\/10\/03\/zaposlitvene-priloznosti-na-kmetijah\/"},"modified":"2021-03-12T18:13:53","modified_gmt":"2021-03-12T17:13:53","slug":"zaposlitvene-priloznosti-na-kmetijah","status":"publish","type":"post","link":"https:\/\/www.las-stik.si\/programsko-obdobje-2014-2020\/novice\/zaposlitvene-priloznosti-na-kmetijah\/","title":{"rendered":"Zaposlitvene prilo\u017enosti na kmetijah"},"content":{"rendered":"<p><img loading=\"lazy\" decoding=\"async\" class=\" size-full wp-image-2268\" src=\"https:\/\/www.las-stik.si\/programsko-obdobje-2014-2020\/wp-content\/uploads\/2017\/10\/logo_zpk_barvni.jpg\" alt=\"logo zpk barvni\" width=\"283\" height=\"141\" style=\"display: block; margin-left: auto; margin-right: auto;\" srcset=\"https:\/\/www.las-stik.si\/programsko-obdobje-2014-2020\/wp-content\/uploads\/2017\/10\/logo_zpk_barvni.jpg 1000w, https:\/\/www.las-stik.si\/programsko-obdobje-2014-2020\/wp-content\/uploads\/2017\/10\/logo_zpk_barvni-300x150.jpg 300w, https:\/\/www.las-stik.si\/programsko-obdobje-2014-2020\/wp-content\/uploads\/2017\/10\/logo_zpk_barvni-768x384.jpg 768w\" sizes=\"(max-width: 283px) 100vw, 283px\" \/><\/p>\n<h3><span style=\"color: #333333;\">&#8220;Zaposlitvene prilo\u017enosti na kmetijah&#8221; je projekt sodelovanja &scaron;tirih Lokalnih akcijskih skupin: LAS Dolenjska in Bela krajina, LAS Po poteh dedi&scaron;\u010dine od Turjaka do Kolpe LAS Suhe krajine, Temenice in Krke ter LAS Za mesto in vas, ki je bil uspe&scaron;no prijavljen na 1. Javni razpis za podukrep 19.3 Priprava in izvajanje dejavnosti sodelovanja lokalne akcijske skupine Ministrstva za kmetijstvo, gozdarstvo in prehrano.<\/span><\/h3>\n<p><span style=\"color: #333333;\"><\/span><\/p>\n<p><strong>Opis operacije:<\/strong><br \/>Zaposlovanje te\u017eje zaposljivih oseb v kmetijski dejavnosti je nenehno v ospredju teoreti\u010dnih razprav in se v zadnjih letih intenzivira. Potrebe po odpiranju delovnih mest za osebe z manj&scaron;o delovno mo\u017enostjo se pove\u010dujejo, zlasti je ta problem pere\u010d na pode\u017eelju. Osebe z manj&scaron;imi delovnimi sposobnostmi zaposlene v urbanem okolju, marsikdaj ne morejo izkoristiti potencialov, znanj in izku&scaron;enj, ki jih imajo. Zagotovitev kakovostnih in trajnih delovnih mest na pode\u017eelju je eden izmed ciljev projekta. S projektom \u017eelimo ustvariti pozitiven dru\u017ebeni u\u010dinek in s tem prispevati k razvoju lokalne skupnosti, pove\u010danju samooskrbe ter sorazmernemu razvoju pode\u017eelja z ustvarjanjem novih delovnih mest.<\/p>\n<p><strong>Cilji operacije:<\/strong><\/p>\n<p>&#8211; Z razvojem novih modelov na podro\u010dju socialne ekonomije na pode\u017eelju prispevati k ve\u010dji aktivaciji prebivalstva na obmo\u010dju lokalnih akcijskih skupin.<br \/>&#8211; S smotrno uporabo naravnih potencialov posameznega obmo\u010dja ustvariti nova delovna mesta na pode\u017eelju.<br \/>&#8211; Ustvariti pogoje za kakovostno \u017eivljenje na pode\u017eelju, predvsem z vidika vklju\u010devanja ranljivih ciljnih skupin.<\/p>\n<p><strong>Rezultati operacije:<\/strong><br \/>&#8211; <strong>Informirane in animirane kmetije za izvajanje socialnih programov na pode\u017eelju<\/strong> z vidika novih zaposlitvenih prilo\u017enosti in ustvarjanja dodane vrednosti na pode\u017eelju.<br \/>&#8211;<strong> Izbrani 2 pilotni kmetiji na obmo\u010dju LAS<\/strong> kot primer dobre prakse za nadaljnji razvoj vsebin povezanih za zaposlitev te\u017eje zaposljivih oseb.<br \/>&#8211; <strong>Usposobljena 2 promotorja na obmo\u010dju LAS<\/strong> za pomo\u010d pri vzpostavitvi zaposlitvenih kmetij.<br \/>&#8211; <strong>Oblikovana razvojna mre\u017ea<\/strong> sestavljena iz dele\u017enikov, ki lahko s svojim znanjem prispevajo k trajnosti programa.<br \/>&#8211; Izdelan <strong>priro\u010dnik<\/strong>, <strong>promocijski material<\/strong> in <strong>dogodki<\/strong> o mo\u017enostih zaposlovanja na kmetijah kot novi prilo\u017enosti za trajnostni razvoj pode\u017eelja.<\/p>\n<p><strong>Partnerji in obmo\u010dje izvajanja:<\/strong><br \/>&bull; <span style=\"text-decoration: underline;\">Lokalna akcijska skupina Dolenjska in Bela krajina (LAS DBK)<\/span>, ki obsega obmo\u010dja slede\u010dih ob\u010din: \u010crnomelj, Metlika, Mirna, Mirna Pe\u010d, Mestna ob\u010dina Novo mesto, Mokronog-Trebelno, Semi\u010d, Stra\u017ea, &Scaron;entjernej, &Scaron;entrupert, &Scaron;kocjan in &Scaron;marje&scaron;ke Toplice<br \/>&bull; <span style=\"text-decoration: underline;\">Lokalna akcijska skupina Po poteh dedi&scaron;\u010dine od Turjaka do Kolpe (LAS PPD)<\/span>, ki obsega obmo\u010dja slede\u010dih ob\u010din: Dobrepolje, Ko\u010devje, Kostel, Lo&scaron;ki Potok, Osilnica, Ribnica, Sodra\u017eica in Velike La&scaron;\u010de<br \/>&bull;<strong><span style=\"text-decoration: underline;\"> Lokalna akcijska skupina Suhe krajine, Temenice in Krke (LAS STIK)<\/span><\/strong>, ki obsega obmo\u010dja slede\u010dih ob\u010din: Dolenjske Toplice, Ivan\u010dna Gorica, Trebnje in \u017du\u017eemberk<br \/>&bull; <span style=\"text-decoration: underline;\">Lokalna akcijska skupina Za mesto in vas, ki obsega obmo\u010dja slede\u010dih ob\u010din<\/span>: Dom\u017eale, Komenda, Medvode, Menge&scaron;, Trzin in Vodice<\/p>\n<p><strong>Prenos dobre prakse:<\/strong><br \/>Zaposlitvene kmetije v Sloveniji na katerih so zaposlene osebe z manj&scaron;imi delovnimi sposobnostmi so s svojo uspe&scaron;nostjo dokazale, da je njihov recept pravi. Na tak&scaron;nih kmetijah osebe s posebnimi potrebami dobijo zaposlitev, kmetije pa &scaron;e tako potrebno dodatno pomo\u010d za delo na kmetiji.<br \/><span style=\"text-decoration: underline;\">Na obmo\u010dju LAS za Mesto in vas<\/span> je ena izmed tak&scaron;nih kmetij, to je <span style=\"text-decoration: underline;\">kmetija Zadrgal z Zavodom Grunt &#8211; Zavod za socialno podjetni&scaron;tvo na pode\u017eelju<\/span> iz Komende, ki daje delo petim te\u017eko zaposljivim invalidom iz Komende in okolice. Zaposleni tako, v okviru zavoda Grunt, na kmetiji opravljajo razli\u010dna kmetijska dela kot so delo v hlevu, gospodarskih poslopjih in na terenu, \u010di&scaron;\u010denje in predelava kmetijskih pridelkov, priprava polizdelkov ter njihova prodaja in distribucija.<br \/>Zavod Grunt ima znanje in ve&scaron;\u010dine kako vzpostaviti in voditi na kmetiji projekt, ki ustvarja nova delovna mesta za te\u017eje zaposljive, pove\u010duje samooskrbo in s tem zagotavlja razvoj pode\u017eelja.<br \/>Z namenom, da bi se dobra praksa Zavoda Grunt &scaron;irila, se bo na obmo\u010dju &scaron;tirih partnerskih LAS izvajal projekt &raquo;Zaposlitvene mo\u017enosti na kmetijah&laquo;, katerega namen je, da se z delavnicami in posebej izobra\u017eenimi promotorji informira in spodbudi zainteresirane kmetije za zaposlovanje oseb z manj&scaron;imi delovnimi sposobnostmi.<\/p>\n<p><strong>Kmetije, ki imajo interes, da bi zaposlovale te\u017eje zaposljive ali kmetije, ki bi \u017eelele zgolj spoznati prakso, ki so jo razvili na Gruntu, so vabljene k vklju\u010ditvi v projekt &raquo;Zaposlitvene mo\u017enosti na kmetijah&laquo;.<\/strong><br \/><strong>Sodelovanje v projektu je za kmetije iz obmo\u010dja LAS Dolenjska in Bela krajina, LAS Po poteh dedi&scaron;\u010dine od Turjaka do Kolpe, LAS Suhe krajine, Temenice in Krke ter LAS Za mesto in vas brezpla\u010dno.<\/strong><\/p>\n<p>&nbsp;<\/p>\n<h4>Promotorja zaposlitvenih prilo\u017enosti na kmetijah na obmo\u010dju LAS STIK:<\/h4>\n<ul style=\"list-style-type: disc;\">\n<li>Olga Novak (<a>olginovak@gmail.com<\/a><a href=\"mailto:olginovak@gmail.com\">)<\/a>, <\/li>\n<li>Franc Fritz Murgelj (<a href=\"mailto:franc.murgelj@ecetera.si\">franc.murgelj@ecetera.si<\/a>).<\/li>\n<\/ul>\n<p>&nbsp;<\/p>\n<p><a href=\"https:\/\/www.las-stik.si\/programsko-obdobje-2014-2020\/wp-content\/uploads\/2017\/10\/DELAVNICE-VABIL_.pdf\" target=\"_blank\" rel=\"noopener\">Vabilo na animacijski delavnici za kmetije na obmo\u010dju LAS STIK<\/a><\/p>\n<p><a href=\"https:\/\/www.las-stik.si\/programsko-obdobje-2014-2020\/wp-content\/uploads\/2017\/10\/letak_A4_zgiban_A5.pdf\" target=\"_blank\" rel=\"noopener\">Zlo\u017eenka projekta &#8220;Zaposlitvene prilo\u017enosti na kmetijah&#8221;<\/a><\/p>\n<p><a href=\"https:\/\/mandu.si\/ls\/2019\/03\/04\/1-javni-poziv-za-izbor-operacij-za-uresnicevanje-ciljev-strategije-lokalnega-razvoja-na-obmocju-las-stik-v-letu-2019\/\" target=\"_blank\" rel=\"noopener\">Javni poziv za promotorje zaposlitvenih prilo\u017enosti na kmetijah<\/a><\/p>\n<p><a href=\"https:\/\/www.las-stik.si\/programsko-obdobje-2014-2020\/wp-content\/uploads\/2017\/10\/METODLOGIJA_PN_Zaposlitvene_priloznosti_na_kmetijah.pdf\" target=\"_blank\" rel=\"noopener\">Metodologija za pripravo poslovnega na\u010drta za zaposlitveni center<\/a><\/p>\n<p>Zaposlovanje invalidov na kmetiji &#8211; <a href=\"https:\/\/www.las-stik.si\/programsko-obdobje-2014-2020\/wp-content\/uploads\/2017\/10\/e-prirocnik_Zaposlovanje_invalidov_na_kmetiji.pdf\" target=\"_blank\" rel=\"noopener\">PRIRO\u010cNIK<\/a><\/p>\n<p>&nbsp;<\/p>\n","protected":false},"excerpt":{"rendered":"<p>&#8220;Zaposlitvene prilo\u017enosti na kmetijah&#8221; je projekt sodelovanja &scaron;tirih Lokalnih akcijskih skupin: LAS Dolenjska in Bela krajina, LAS Po poteh dedi&scaron;\u010dine od Turjaka do Kolpe LAS Suhe krajine, Temenice in Krke ter LAS Za mesto in vas, ki je bil uspe&scaron;no prijavljen na 1. Javni razpis za podukrep 19.3 Priprava in izvajanje dejavnosti sodelovanja lokalne akcijske&hellip;<\/p>\n","protected":false},"author":1,"featured_media":2268,"comment_status":"closed","ping_status":"closed","sticky":false,"template":"","format":"standard","meta":{"footnotes":""},"categories":[33],"tags":[],"_links":{"self":[{"href":"https:\/\/www.las-stik.si\/programsko-obdobje-2014-2020\/wp-json\/wp\/v2\/posts\/2273"}],"collection":[{"href":"https:\/\/www.las-stik.si\/programsko-obdobje-2014-2020\/wp-json\/wp\/v2\/posts"}],"about":[{"href":"https:\/\/www.las-stik.si\/programsko-obdobje-2014-2020\/wp-json\/wp\/v2\/types\/post"}],"author":[{"embeddable":true,"href":"https:\/\/www.las-stik.si\/programsko-obdobje-2014-2020\/wp-json\/wp\/v2\/users\/1"}],"replies":[{"embeddable":true,"href":"https:\/\/www.las-stik.si\/programsko-obdobje-2014-2020\/wp-json\/wp\/v2\/comments?post=2273"}],"version-history":[{"count":0,"href":"https:\/\/www.las-stik.si\/programsko-obdobje-2014-2020\/wp-json\/wp\/v2\/posts\/2273\/revisions"}],"wp:featuredmedia":[{"embeddable":true,"href":"https:\/\/www.las-stik.si\/programsko-obdobje-2014-2020\/wp-json\/wp\/v2\/media\/2268"}],"wp:attachment":[{"href":"https:\/\/www.las-stik.si\/programsko-obdobje-2014-2020\/wp-json\/wp\/v2\/media?parent=2273"}],"wp:term":[{"taxonomy":"category","embeddable":true,"href":"https:\/\/www.las-stik.si\/programsko-obdobje-2014-2020\/wp-json\/wp\/v2\/categories?post=2273"},{"taxonomy":"post_tag","embeddable":true,"href":"https:\/\/www.las-stik.si\/programsko-obdobje-2014-2020\/wp-json\/wp\/v2\/tags?post=2273"}],"curies":[{"name":"wp","href":"https:\/\/api.w.org\/{rel}","templated":true}]}}