{"id":2363,"date":"2018-04-18T13:36:00","date_gmt":"2018-04-18T12:36:00","guid":{"rendered":"https:\/\/mandu.si\/ls\/?p=2363"},"modified":"2021-03-12T17:47:03","modified_gmt":"2021-03-12T16:47:03","slug":"obiskali-smo-kmetijo-zadrgal-in-zavod-grunt","status":"publish","type":"post","link":"https:\/\/www.las-stik.si\/programsko-obdobje-2014-2020\/novice\/obiskali-smo-kmetijo-zadrgal-in-zavod-grunt\/","title":{"rendered":"Obiskali smo kmetijo Zadrgal in Zavod Grunt"},"content":{"rendered":"<p><img loading=\"lazy\" decoding=\"async\" class=\" size-full wp-image-2268\" src=\"https:\/\/www.las-stik.si\/programsko-obdobje-2014-2020\/wp-content\/uploads\/2017\/10\/logo_zpk_barvni.jpg\" alt=\"logo zpk barvni\" width=\"174\" height=\"87\" srcset=\"https:\/\/www.las-stik.si\/programsko-obdobje-2014-2020\/wp-content\/uploads\/2017\/10\/logo_zpk_barvni.jpg 1000w, https:\/\/www.las-stik.si\/programsko-obdobje-2014-2020\/wp-content\/uploads\/2017\/10\/logo_zpk_barvni-300x150.jpg 300w, https:\/\/www.las-stik.si\/programsko-obdobje-2014-2020\/wp-content\/uploads\/2017\/10\/logo_zpk_barvni-768x384.jpg 768w\" sizes=\"(max-width: 174px) 100vw, 174px\" \/><\/p>\n<p>V okviru projekta sodelovanja Zaposlitvene prilo\u017enosti na kmetijah smo z zainteresiranimi udele\u017eenci delavnic obiskali Zavod Grunt, ki deluje v okviru kmetije Zadrgal.<br \/>Zavod Grunt je prvi zaposlitveni center na kmetiji v Sloveniji, ki nudi zaposlitev te\u017eje zaposljivim ljudem. Zavod trenutno zaposluje 8 ljudi, 5 te\u017eje zaposljivih in tri strokovne delavce. Zavod se je v zadnjem letu usmeril v proizvodnjo mle\u010dnih izdelkov, izdelujejo pa tudi pi&scaron;kote, rezance itd. Ve\u010dino izdelkov prodajo v svoji buti\u010dni prodajalni. V proizvodni program so vklju\u010deni vsi zaposleni, opravljajo pa dela, glede na svoje zmo\u017enosti in sposobnosti.<br \/>Peter Svetina, ki vodi delovni proces znotraj zaposlitvenega centra, nam je na kraju samem razlo\u017eil kako poteka delavni proces v okviru zaposlitvenega centra in seveda predstavil vse prednosti in slabosti, ki ji organizacija dela znotraj zaposlitvenega centra prina&scaron;a. Po kmetiji pa nas je popeljal kmet Matija Zadrgal, ki nam je predstavil svoj pogled.<\/p>\n<p>&nbsp;<\/p>\n","protected":false},"excerpt":{"rendered":"<p>V okviru projekta sodelovanja Zaposlitvene prilo\u017enosti na kmetijah smo z zainteresiranimi udele\u017eenci delavnic obiskali Zavod Grunt, ki deluje v okviru kmetije Zadrgal.Zavod Grunt je prvi zaposlitveni center na kmetiji v Sloveniji, ki nudi zaposlitev te\u017eje zaposljivim ljudem. Zavod trenutno zaposluje 8 ljudi, 5 te\u017eje zaposljivih in tri strokovne delavce. Zavod se je v zadnjem letu&hellip;<\/p>\n","protected":false},"author":1,"featured_media":2268,"comment_status":"closed","ping_status":"closed","sticky":false,"template":"","format":"standard","meta":{"footnotes":""},"categories":[33],"tags":[],"_links":{"self":[{"href":"https:\/\/www.las-stik.si\/programsko-obdobje-2014-2020\/wp-json\/wp\/v2\/posts\/2363"}],"collection":[{"href":"https:\/\/www.las-stik.si\/programsko-obdobje-2014-2020\/wp-json\/wp\/v2\/posts"}],"about":[{"href":"https:\/\/www.las-stik.si\/programsko-obdobje-2014-2020\/wp-json\/wp\/v2\/types\/post"}],"author":[{"embeddable":true,"href":"https:\/\/www.las-stik.si\/programsko-obdobje-2014-2020\/wp-json\/wp\/v2\/users\/1"}],"replies":[{"embeddable":true,"href":"https:\/\/www.las-stik.si\/programsko-obdobje-2014-2020\/wp-json\/wp\/v2\/comments?post=2363"}],"version-history":[{"count":0,"href":"https:\/\/www.las-stik.si\/programsko-obdobje-2014-2020\/wp-json\/wp\/v2\/posts\/2363\/revisions"}],"wp:featuredmedia":[{"embeddable":true,"href":"https:\/\/www.las-stik.si\/programsko-obdobje-2014-2020\/wp-json\/wp\/v2\/media\/2268"}],"wp:attachment":[{"href":"https:\/\/www.las-stik.si\/programsko-obdobje-2014-2020\/wp-json\/wp\/v2\/media?parent=2363"}],"wp:term":[{"taxonomy":"category","embeddable":true,"href":"https:\/\/www.las-stik.si\/programsko-obdobje-2014-2020\/wp-json\/wp\/v2\/categories?post=2363"},{"taxonomy":"post_tag","embeddable":true,"href":"https:\/\/www.las-stik.si\/programsko-obdobje-2014-2020\/wp-json\/wp\/v2\/tags?post=2363"}],"curies":[{"name":"wp","href":"https:\/\/api.w.org\/{rel}","templated":true}]}}