{"id":2366,"date":"2018-04-26T14:00:00","date_gmt":"2018-04-26T13:00:00","guid":{"rendered":"https:\/\/mandu.si\/ls\/?p=2366"},"modified":"2021-03-12T17:46:29","modified_gmt":"2021-03-12T16:46:29","slug":"izvajanje-lokalnega-razvoja-ki-ga-vodi-skupnost-clld-danes-in-jutri","status":"publish","type":"post","link":"https:\/\/www.las-stik.si\/programsko-obdobje-2014-2020\/novice\/izvajanje-lokalnega-razvoja-ki-ga-vodi-skupnost-clld-danes-in-jutri\/","title":{"rendered":"Izvajanje lokalnega razvoja, ki ga vodi skupnost (CLLD) danes in jutri."},"content":{"rendered":"<p>Dr\u017eavni svet Republike Slovenije in Dru&scaron;tvo za razvoj slovenskega pode\u017eelja (DRSP) sta 23. aprila 2018, na pobudo Dru&scaron;tva za razvoj slovenskega pode\u017eelja in dr\u017eavnega svetnika Du&scaron;ana Strnada organizirala posvet z naslovom Izvajanje lokalnega razvoja, ki ga vodi skupnost (CLLD) danes in jutri.<\/p>\n<p>Glede na zaznane te\u017eave pri izvajanju programa CLLD je bil organiziran posvet z namenom, da pristojne institucije podajo poro\u010dilo o dejanskem stanju in predvidenih ukrepih, s katerimi se bo olaj&scaron;alo izvajanje in pospe&scaron;ilo \u010drpanje evropskih sredstev v sedanjem programskem obdobju. Posvet je bil namenjen tudi temu, da prispeva k pripravi enotnih stali&scaron;\u010d Slovenije o umestitvi programa CLLD v prihodnjo evropsko kmetijsko in kohezijsko politiko.<\/p>\n<p>Program in celoten potek posveta je na voljo na spletni strani Dr\u017eavnega sveta Republike Slovenije na <a href=\"http:\/\/www.ds-rs.si\/node\/3505\" target=\"_blank\" rel=\"noopener\">POVEZAVI<\/a>. <\/p>\n<p><a href=\"https:\/\/www.las-stik.si\/programsko-obdobje-2014-2020\/wp-content\/uploads\/2018\/04\/Drzavni_svet_RS_-_izvajanje_programa_CLLD_izjava_za_javnost.pdf\" target=\"_blank\" rel=\"noopener\">Izjava za javnost <\/a><\/p>\n","protected":false},"excerpt":{"rendered":"<p>Dr\u017eavni svet Republike Slovenije in Dru&scaron;tvo za razvoj slovenskega pode\u017eelja (DRSP) sta 23. aprila 2018, na pobudo Dru&scaron;tva za razvoj slovenskega pode\u017eelja in dr\u017eavnega svetnika Du&scaron;ana Strnada organizirala posvet z naslovom Izvajanje lokalnega razvoja, ki ga vodi skupnost (CLLD) danes in jutri. Glede na zaznane te\u017eave pri izvajanju programa CLLD je bil organiziran posvet z&hellip;<\/p>\n","protected":false},"author":1,"featured_media":0,"comment_status":"closed","ping_status":"closed","sticky":false,"template":"","format":"standard","meta":{"footnotes":""},"categories":[33],"tags":[],"_links":{"self":[{"href":"https:\/\/www.las-stik.si\/programsko-obdobje-2014-2020\/wp-json\/wp\/v2\/posts\/2366"}],"collection":[{"href":"https:\/\/www.las-stik.si\/programsko-obdobje-2014-2020\/wp-json\/wp\/v2\/posts"}],"about":[{"href":"https:\/\/www.las-stik.si\/programsko-obdobje-2014-2020\/wp-json\/wp\/v2\/types\/post"}],"author":[{"embeddable":true,"href":"https:\/\/www.las-stik.si\/programsko-obdobje-2014-2020\/wp-json\/wp\/v2\/users\/1"}],"replies":[{"embeddable":true,"href":"https:\/\/www.las-stik.si\/programsko-obdobje-2014-2020\/wp-json\/wp\/v2\/comments?post=2366"}],"version-history":[{"count":0,"href":"https:\/\/www.las-stik.si\/programsko-obdobje-2014-2020\/wp-json\/wp\/v2\/posts\/2366\/revisions"}],"wp:attachment":[{"href":"https:\/\/www.las-stik.si\/programsko-obdobje-2014-2020\/wp-json\/wp\/v2\/media?parent=2366"}],"wp:term":[{"taxonomy":"category","embeddable":true,"href":"https:\/\/www.las-stik.si\/programsko-obdobje-2014-2020\/wp-json\/wp\/v2\/categories?post=2366"},{"taxonomy":"post_tag","embeddable":true,"href":"https:\/\/www.las-stik.si\/programsko-obdobje-2014-2020\/wp-json\/wp\/v2\/tags?post=2366"}],"curies":[{"name":"wp","href":"https:\/\/api.w.org\/{rel}","templated":true}]}}