{"id":2368,"date":"2018-06-01T14:09:26","date_gmt":"2018-06-01T13:09:26","guid":{"rendered":"https:\/\/mandu.si\/ls\/?p=2368"},"modified":"2021-03-12T17:46:08","modified_gmt":"2021-03-12T16:46:08","slug":"zakljucni-posvet-projekta-sodelovanja-zaposlitvene-priloznosti-na-kmetijah","status":"publish","type":"post","link":"https:\/\/www.las-stik.si\/programsko-obdobje-2014-2020\/novice\/zakljucni-posvet-projekta-sodelovanja-zaposlitvene-priloznosti-na-kmetijah\/","title":{"rendered":"Zaklju\u010dni posvet projekta sodelovanja Zaposlitvene prilo\u017enosti na kmetijah"},"content":{"rendered":"<p><img loading=\"lazy\" decoding=\"async\" class=\" size-full wp-image-2268\" src=\"https:\/\/www.las-stik.si\/programsko-obdobje-2014-2020\/wp-content\/uploads\/2017\/10\/logo_zpk_barvni.jpg\" alt=\"logo zpk barvni\" width=\"134\" height=\"67\" srcset=\"https:\/\/www.las-stik.si\/programsko-obdobje-2014-2020\/wp-content\/uploads\/2017\/10\/logo_zpk_barvni.jpg 1000w, https:\/\/www.las-stik.si\/programsko-obdobje-2014-2020\/wp-content\/uploads\/2017\/10\/logo_zpk_barvni-300x150.jpg 300w, https:\/\/www.las-stik.si\/programsko-obdobje-2014-2020\/wp-content\/uploads\/2017\/10\/logo_zpk_barvni-768x384.jpg 768w\" sizes=\"(max-width: 134px) 100vw, 134px\" \/><\/p>\n<p>V okviru projekta Zaposlitvene prilo\u017enosti na kmetijah bo v \u010detrtek, 7. 6. 2018, v prostorih Turisti\u010dnega kompleksa Jezero, Trdnjava 3, 1330 Ko\u010devje, organiziran zaklju\u010dni posvet s ciljem predstavitve rezultatov projekta, podane pa bodo tudi smernice za \u010dimprej&scaron;nje udejanjanje le teh v praski. Svoje stali&scaron;\u010de bodo predstavile tako strokovne slu\u017ebe, ki so vklju\u010dene v pripravo zaposlitvenih programov za te\u017eje zaposljive, kot tudi potencialni zaposlovalci. Predstavljen bo tudi priro\u010dnik &ndash; zaposlovanje invalidov, ki je bil natisnjen v okviru projekta.<\/p>\n<p>Vabljeni, da se nam pridru\u017eite!<\/p>\n<p><a href=\"https:\/\/www.las-stik.si\/programsko-obdobje-2014-2020\/wp-content\/uploads\/2018\/06\/vabilo_las_A4.pdf\" target=\"_blank\" rel=\"noopener\">PROGRAM<\/a> <\/p>\n","protected":false},"excerpt":{"rendered":"<p>V okviru projekta Zaposlitvene prilo\u017enosti na kmetijah bo v \u010detrtek, 7. 6. 2018, v prostorih Turisti\u010dnega kompleksa Jezero, Trdnjava 3, 1330 Ko\u010devje, organiziran zaklju\u010dni posvet s ciljem predstavitve rezultatov projekta, podane pa bodo tudi smernice za \u010dimprej&scaron;nje udejanjanje le teh v praski. Svoje stali&scaron;\u010de bodo predstavile tako strokovne slu\u017ebe, ki so vklju\u010dene v pripravo zaposlitvenih&hellip;<\/p>\n","protected":false},"author":1,"featured_media":2268,"comment_status":"closed","ping_status":"closed","sticky":false,"template":"","format":"standard","meta":{"footnotes":""},"categories":[33],"tags":[],"_links":{"self":[{"href":"https:\/\/www.las-stik.si\/programsko-obdobje-2014-2020\/wp-json\/wp\/v2\/posts\/2368"}],"collection":[{"href":"https:\/\/www.las-stik.si\/programsko-obdobje-2014-2020\/wp-json\/wp\/v2\/posts"}],"about":[{"href":"https:\/\/www.las-stik.si\/programsko-obdobje-2014-2020\/wp-json\/wp\/v2\/types\/post"}],"author":[{"embeddable":true,"href":"https:\/\/www.las-stik.si\/programsko-obdobje-2014-2020\/wp-json\/wp\/v2\/users\/1"}],"replies":[{"embeddable":true,"href":"https:\/\/www.las-stik.si\/programsko-obdobje-2014-2020\/wp-json\/wp\/v2\/comments?post=2368"}],"version-history":[{"count":0,"href":"https:\/\/www.las-stik.si\/programsko-obdobje-2014-2020\/wp-json\/wp\/v2\/posts\/2368\/revisions"}],"wp:featuredmedia":[{"embeddable":true,"href":"https:\/\/www.las-stik.si\/programsko-obdobje-2014-2020\/wp-json\/wp\/v2\/media\/2268"}],"wp:attachment":[{"href":"https:\/\/www.las-stik.si\/programsko-obdobje-2014-2020\/wp-json\/wp\/v2\/media?parent=2368"}],"wp:term":[{"taxonomy":"category","embeddable":true,"href":"https:\/\/www.las-stik.si\/programsko-obdobje-2014-2020\/wp-json\/wp\/v2\/categories?post=2368"},{"taxonomy":"post_tag","embeddable":true,"href":"https:\/\/www.las-stik.si\/programsko-obdobje-2014-2020\/wp-json\/wp\/v2\/tags?post=2368"}],"curies":[{"name":"wp","href":"https:\/\/api.w.org\/{rel}","templated":true}]}}