{"id":2369,"date":"2018-06-01T14:15:08","date_gmt":"2018-06-01T13:15:08","guid":{"rendered":"https:\/\/mandu.si\/ls\/?p=2369"},"modified":"2021-03-12T17:45:25","modified_gmt":"2021-03-12T16:45:25","slug":"skupscina-las-stik-potrdila-nove-operacije-esrr","status":"publish","type":"post","link":"https:\/\/www.las-stik.si\/programsko-obdobje-2014-2020\/novice\/skupscina-las-stik-potrdila-nove-operacije-esrr\/","title":{"rendered":"Skup\u0161\u010dina LAS STIK potrdila nove operacije (ESRR)"},"content":{"rendered":"<p>Skup&scaron;\u010dina Lokalne akcijske skupine Suhe Krajine, Temenice in Krke ( LAS STIK) je v\u010deraj, 31.5.2018, na svoji 8. redni seji potrdila dve novi operaciji v skupni vi&scaron;ini nekaj ve\u010d kot 78.000 EUR.<\/p>\n<p>1. javni poziv za izbor operacij za uresni\u010devanje ciljev Strategije lokalnega razvoja na obmo\u010dju LAS STIK v letu 2018 iz sredstev ESRR je bil objavljen 19.2.2018 in zaklju\u010den 5.4.2018. Na poziv sta prispeli 2 vlogi.<\/p>\n<p>&nbsp;<\/p>\n<table style=\"width: 0px; border-collapse: collapse;\" cellspacing=\"0\" cellpadding=\"0\" border=\"0\">\n<tbody>\n<tr style=\"height: 23.25pt;\">\n<td style=\"width: 16.75pt; border: 1pt solid #bfbfbf; background: #e7e6e6 none repeat scroll 0% 0%; padding: 0cm 3.5pt; height: 23.25pt;\" width=\"22\" valign=\"top\">&nbsp;<\/td>\n<td style=\"width: 72.35pt; border-color: #bfbfbf #bfbfbf #bfbfbf currentcolor; border-style: solid solid solid none; border-width: 1pt 1pt 1pt medium; background: #e7e6e6 none repeat scroll 0% 0%; padding: 0cm 3.5pt; height: 23.25pt;\" width=\"96\" valign=\"top\"><strong><span style=\"font-size: 9pt; color: windowtext;\">Prijavitelj <\/span><\/strong><\/td>\n<td style=\"width: 95.2pt; border-color: #bfbfbf #bfbfbf #bfbfbf currentcolor; border-style: solid solid solid none; border-width: 1pt 1pt 1pt medium; background: #e7e6e6 none repeat scroll 0% 0%; padding: 0cm 3.5pt; height: 23.25pt;\" width=\"127\" valign=\"top\"><strong><span style=\"font-size: 9pt; color: windowtext;\">Partnerji<\/span><\/strong><\/td>\n<td style=\"width: 4cm; border-color: #bfbfbf #bfbfbf #bfbfbf currentcolor; border-style: solid solid solid none; border-width: 1pt 1pt 1pt medium; background: #e7e6e6 none repeat scroll 0% 0%; padding: 0cm 3.5pt; height: 23.25pt;\" width=\"151\" valign=\"top\"><strong><span style=\"font-size: 9pt; color: windowtext;\">Naziv in akronim operacije<\/span><\/strong><\/td>\n<td style=\"width: 4cm; border-color: #bfbfbf #bfbfbf #bfbfbf currentcolor; border-style: solid solid solid none; border-width: 1pt 1pt 1pt medium; background: #e7e6e6 none repeat scroll 0% 0%; padding: 0cm 3.5pt; height: 23.25pt;\" width=\"151\" valign=\"top\"><strong><span style=\"font-size: 9pt; color: windowtext;\">Cilj<\/span><\/strong><\/td>\n<td style=\"width: 120.5pt; border-color: #bfbfbf #bfbfbf #bfbfbf currentcolor; border-style: solid solid solid none; border-width: 1pt 1pt 1pt medium; background: #e7e6e6 none repeat scroll 0% 0%; padding: 0cm 3.5pt; height: 23.25pt;\" width=\"161\" valign=\"top\"><strong><span style=\"font-size: 9pt; color: windowtext;\">Ukrep<\/span><\/strong><\/td>\n<td style=\"width: 63.75pt; border-color: #bfbfbf #bfbfbf #bfbfbf currentcolor; border-style: solid solid solid none; border-width: 1pt 1pt 1pt medium; background: #e7e6e6 none repeat scroll 0% 0%; padding: 0cm 3.5pt; height: 23.25pt;\" width=\"85\" valign=\"top\"><strong><span style=\"font-size: 9pt; color: windowtext;\">Zapro&scaron;ena vrednost<\/span><\/strong><\/td>\n<\/tr>\n<tr style=\"height: 45.75pt;\">\n<td style=\"width: 16.75pt; border-color: currentcolor #bfbfbf #bfbfbf; border-style: none solid solid; border-width: medium 1pt 1pt; padding: 0cm 3.5pt; height: 45.75pt;\" width=\"22\" valign=\"top\"><span style=\"font-size: 9pt; color: windowtext;\">1.<\/span><\/td>\n<td style=\"width: 72.35pt; border-color: currentcolor #bfbfbf #bfbfbf currentcolor; border-style: none solid solid none; border-width: medium 1pt 1pt medium; padding: 0cm 3.5pt; height: 45.75pt;\" width=\"96\" valign=\"top\"><strong><span style=\"font-size: 9pt; color: windowtext;\">Zavod Prijetno doma\u010de<\/span><\/strong><\/td>\n<td style=\"width: 95.2pt; border-color: currentcolor #bfbfbf #bfbfbf currentcolor; border-style: none solid solid none; border-width: medium 1pt 1pt medium; padding: 0cm 3.5pt; height: 45.75pt;\" width=\"127\" valign=\"top\">\n<p style=\"margin-top: 0cm; margin-right: 0cm; margin-bottom: 0.0001pt; text-indent: 0cm; line-height: normal;\"><span style=\"font-size: 9pt; color: windowtext;\">Ecetera d.o.o., PE Ivan\u010dna Gorica<\/span><\/p>\n<p style=\"margin-top: 0cm; margin-right: 0cm; margin-bottom: 0.0001pt; text-indent: 0cm; line-height: normal;\"><span style=\"font-size: 9pt; color: windowtext;\">OTZ Ivan\u010dna Gorica<\/span><\/p>\n<\/td>\n<td style=\"width: 4cm; border-color: currentcolor #bfbfbf #bfbfbf currentcolor; border-style: none solid solid none; border-width: medium 1pt 1pt medium; padding: 0cm 3.5pt; height: 45.75pt;\" width=\"151\" valign=\"top\">\n<p style=\"margin-top: 0cm; margin-right: 0cm; margin-bottom: 0.0001pt; text-indent: 0cm; line-height: normal;\"><span style=\"font-size: 9pt;\">Razvoj in vzpostavitev sistema tr\u017eenja enostavnih in integralnih turisti\u010dnih produktov<\/span><\/p>\n<p style=\"margin-top: 0cm; margin-right: 0cm; margin-bottom: 0.0001pt; text-indent: 0cm; line-height: normal;\"><span style=\"font-size: 9pt;\">(RAST)<\/span><\/p>\n<\/td>\n<td style=\"width: 4cm; border-color: currentcolor #bfbfbf #bfbfbf currentcolor; border-style: none solid solid none; border-width: medium 1pt 1pt medium; padding: 0cm 3.5pt; height: 45.75pt;\" width=\"151\" valign=\"top\"><span style=\"font-size: 9pt;\">C 1.1.1: Pove\u010danje &scaron;tevila zaposlenih<\/span><\/td>\n<td style=\"width: 120.5pt; border-color: currentcolor #bfbfbf #bfbfbf currentcolor; border-style: none solid solid none; border-width: medium 1pt 1pt medium; padding: 0cm 3.5pt; height: 45.75pt;\" width=\"161\" valign=\"top\"><span style=\"font-size: 9pt;\">U1.1.: Spodbujanje podjetni&scaron;kega podpornega okolja, podjetni&scaron;kih iniciativ in inovativnih razvojnih partnerstev<\/span><\/td>\n<td style=\"width: 63.75pt; border-color: currentcolor #bfbfbf #bfbfbf currentcolor; border-style: none solid solid none; border-width: medium 1pt 1pt medium; padding: 0cm 3.5pt; height: 45.75pt;\" width=\"85\" valign=\"top\"><span style=\"font-size: 9pt;\">49.803,87<\/span><\/td>\n<\/tr>\n<tr style=\"height: 45.75pt;\">\n<td style=\"width: 16.75pt; border-color: currentcolor #bfbfbf #bfbfbf; border-style: none solid solid; border-width: medium 1pt 1pt; padding: 0cm 3.5pt; height: 45.75pt;\" width=\"22\" valign=\"top\"><span style=\"font-size: 9pt; color: windowtext;\">2.<\/span><\/td>\n<td style=\"width: 72.35pt; border-color: currentcolor #bfbfbf #bfbfbf currentcolor; border-style: none solid solid none; border-width: medium 1pt 1pt medium; padding: 0cm 3.5pt; height: 45.75pt;\" width=\"96\" valign=\"top\"><strong><span style=\"font-size: 9pt; color: windowtext;\">Ob\u010dina Ivan\u010dna Gorica<\/span><\/strong><\/td>\n<td style=\"width: 95.2pt; border-color: currentcolor #bfbfbf #bfbfbf currentcolor; border-style: none solid solid none; border-width: medium 1pt 1pt medium; padding: 0cm 3.5pt; height: 45.75pt;\" width=\"127\" valign=\"top\">\n<p style=\"margin-top: 0cm; margin-right: 0cm; margin-bottom: 0.0001pt; text-indent: 0cm; line-height: normal;\"><span style=\"font-size: 9pt; color: windowtext;\">FOTO MAVER, <\/span><\/p>\n<p style=\"margin-top: 0cm; margin-right: 0cm; margin-bottom: 0.0001pt; text-indent: 0cm; line-height: normal;\"><span style=\"font-size: 9pt; color: windowtext;\">Dejan Maver s.p.<\/span><\/p>\n<\/td>\n<td style=\"width: 4cm; border-color: currentcolor #bfbfbf #bfbfbf currentcolor; border-style: none solid solid none; border-width: medium 1pt 1pt medium; padding: 0cm 3.5pt; height: 45.75pt;\" width=\"151\" valign=\"top\">\n<p style=\"margin-top: 0cm; margin-right: 0cm; margin-bottom: 0.0001pt; text-indent: 0cm; line-height: normal;\"><span style=\"font-size: 9pt;\">Spoznaj stare poklice in obrti<\/span><\/p>\n<p style=\"margin-top: 0cm; margin-right: 0cm; margin-bottom: 0.0001pt; text-indent: 0cm; line-height: normal;\"><span style=\"font-size: 9pt; color: windowtext;\">(Stara znanja za prihodnost)<\/span><\/p>\n<\/td>\n<td style=\"width: 4cm; border-color: currentcolor #bfbfbf #bfbfbf currentcolor; border-style: none solid solid none; border-width: medium 1pt 1pt medium; padding: 0cm 3.5pt; height: 45.75pt;\" width=\"151\" valign=\"top\"><span style=\"font-size: 9pt; color: windowtext;\">C 1.3.1: Prenos znanja med generacijami, ohranjanje in o\u017eivljanje starih poklicev in obrti<\/span><\/td>\n<td style=\"width: 120.5pt; border-color: currentcolor #bfbfbf #bfbfbf currentcolor; border-style: none solid solid none; border-width: medium 1pt 1pt medium; padding: 0cm 3.5pt; height: 45.75pt;\" width=\"161\" valign=\"top\"><span style=\"font-size: 9pt; color: windowtext;\">U1.3.: Izrabljanje tradicionalnih potencialov in lokalnih danosti (kulturnih in naravnih) za ustvarjanje novih delovnih mest<\/span><\/td>\n<td style=\"width: 63.75pt; border-color: currentcolor #bfbfbf #bfbfbf currentcolor; border-style: none solid solid none; border-width: medium 1pt 1pt medium; padding: 0cm 3.5pt; height: 45.75pt;\" width=\"85\" valign=\"top\" nowrap=\"nowrap\"><span style=\"font-size: 9pt;\">28.603,03<\/span><em><\/em><\/td>\n<\/tr>\n<\/tbody>\n<\/table>\n","protected":false},"excerpt":{"rendered":"<p>Skup&scaron;\u010dina Lokalne akcijske skupine Suhe Krajine, Temenice in Krke ( LAS STIK) je v\u010deraj, 31.5.2018, na svoji 8. redni seji potrdila dve novi operaciji v skupni vi&scaron;ini nekaj ve\u010d kot 78.000 EUR. 1. javni poziv za izbor operacij za uresni\u010devanje ciljev Strategije lokalnega razvoja na obmo\u010dju LAS STIK v letu 2018 iz sredstev ESRR je&hellip;<\/p>\n","protected":false},"author":1,"featured_media":0,"comment_status":"closed","ping_status":"closed","sticky":false,"template":"","format":"standard","meta":{"footnotes":""},"categories":[33],"tags":[],"_links":{"self":[{"href":"https:\/\/www.las-stik.si\/programsko-obdobje-2014-2020\/wp-json\/wp\/v2\/posts\/2369"}],"collection":[{"href":"https:\/\/www.las-stik.si\/programsko-obdobje-2014-2020\/wp-json\/wp\/v2\/posts"}],"about":[{"href":"https:\/\/www.las-stik.si\/programsko-obdobje-2014-2020\/wp-json\/wp\/v2\/types\/post"}],"author":[{"embeddable":true,"href":"https:\/\/www.las-stik.si\/programsko-obdobje-2014-2020\/wp-json\/wp\/v2\/users\/1"}],"replies":[{"embeddable":true,"href":"https:\/\/www.las-stik.si\/programsko-obdobje-2014-2020\/wp-json\/wp\/v2\/comments?post=2369"}],"version-history":[{"count":0,"href":"https:\/\/www.las-stik.si\/programsko-obdobje-2014-2020\/wp-json\/wp\/v2\/posts\/2369\/revisions"}],"wp:attachment":[{"href":"https:\/\/www.las-stik.si\/programsko-obdobje-2014-2020\/wp-json\/wp\/v2\/media?parent=2369"}],"wp:term":[{"taxonomy":"category","embeddable":true,"href":"https:\/\/www.las-stik.si\/programsko-obdobje-2014-2020\/wp-json\/wp\/v2\/categories?post=2369"},{"taxonomy":"post_tag","embeddable":true,"href":"https:\/\/www.las-stik.si\/programsko-obdobje-2014-2020\/wp-json\/wp\/v2\/tags?post=2369"}],"curies":[{"name":"wp","href":"https:\/\/api.w.org\/{rel}","templated":true}]}}