{"id":2379,"date":"2018-10-19T16:02:07","date_gmt":"2018-10-19T15:02:07","guid":{"rendered":"https:\/\/mandu.si\/ls\/?p=2379"},"modified":"2021-03-12T17:44:15","modified_gmt":"2021-03-12T16:44:15","slug":"vabilo-na-delavnico-sadje-z-domacega-vrta","status":"publish","type":"post","link":"https:\/\/www.las-stik.si\/programsko-obdobje-2014-2020\/novice\/vabilo-na-delavnico-sadje-z-domacega-vrta\/","title":{"rendered":"Vabilo na delavnico SADJE Z DOMA\u010cEGA VRTA"},"content":{"rendered":"<p style=\"text-align: center;\">Partnerji projekta <span style=\"font-size: 12pt;\"><em><strong>&#8220;\u010cate&scaron;ki &scaron;kreblni in prgi&scaron;\u010de sonca&#8221;<\/strong> <\/em><\/span>vabijo na delavnico<\/p>\n<p style=\"text-align: center;\"><strong><span style=\"font-size: 12pt;\">SADJE Z DOMA\u010cEGA VRTA I.<\/span><\/strong><\/p>\n<p style=\"text-align: center;\">V SOBOTO, 27. OKTOBRA 2018, OB 17.00 URI, V KULTURNEM DOMU NA \u010cATE\u017dU.<\/p>\n<p style=\"text-align: center;\">Ve\u010d informacij najdete v <a href=\"https:\/\/www.las-stik.si\/programsko-obdobje-2014-2020\/wp-content\/uploads\/2018\/10\/vabilo_delavnica_sadje_z_domacega_vrta_I.pdf\" target=\"_blank\" rel=\"noopener\">VABILU<\/a>.<\/p>\n","protected":false},"excerpt":{"rendered":"<p>Partnerji projekta &#8220;\u010cate&scaron;ki &scaron;kreblni in prgi&scaron;\u010de sonca&#8221; vabijo na delavnico SADJE Z DOMA\u010cEGA VRTA I. V SOBOTO, 27. OKTOBRA 2018, OB 17.00 URI, V KULTURNEM DOMU NA \u010cATE\u017dU. Ve\u010d informacij najdete v VABILU.<\/p>\n","protected":false},"author":1,"featured_media":0,"comment_status":"closed","ping_status":"closed","sticky":false,"template":"","format":"standard","meta":{"footnotes":""},"categories":[33],"tags":[],"_links":{"self":[{"href":"https:\/\/www.las-stik.si\/programsko-obdobje-2014-2020\/wp-json\/wp\/v2\/posts\/2379"}],"collection":[{"href":"https:\/\/www.las-stik.si\/programsko-obdobje-2014-2020\/wp-json\/wp\/v2\/posts"}],"about":[{"href":"https:\/\/www.las-stik.si\/programsko-obdobje-2014-2020\/wp-json\/wp\/v2\/types\/post"}],"author":[{"embeddable":true,"href":"https:\/\/www.las-stik.si\/programsko-obdobje-2014-2020\/wp-json\/wp\/v2\/users\/1"}],"replies":[{"embeddable":true,"href":"https:\/\/www.las-stik.si\/programsko-obdobje-2014-2020\/wp-json\/wp\/v2\/comments?post=2379"}],"version-history":[{"count":0,"href":"https:\/\/www.las-stik.si\/programsko-obdobje-2014-2020\/wp-json\/wp\/v2\/posts\/2379\/revisions"}],"wp:attachment":[{"href":"https:\/\/www.las-stik.si\/programsko-obdobje-2014-2020\/wp-json\/wp\/v2\/media?parent=2379"}],"wp:term":[{"taxonomy":"category","embeddable":true,"href":"https:\/\/www.las-stik.si\/programsko-obdobje-2014-2020\/wp-json\/wp\/v2\/categories?post=2379"},{"taxonomy":"post_tag","embeddable":true,"href":"https:\/\/www.las-stik.si\/programsko-obdobje-2014-2020\/wp-json\/wp\/v2\/tags?post=2379"}],"curies":[{"name":"wp","href":"https:\/\/api.w.org\/{rel}","templated":true}]}}