{"id":2387,"date":"2018-11-16T12:11:10","date_gmt":"2018-11-16T11:11:10","guid":{"rendered":"https:\/\/mandu.si\/ls\/?p=2387"},"modified":"2021-03-12T17:42:14","modified_gmt":"2021-03-12T16:42:14","slug":"vabilo-na-delavnice-in-srecanje-rokodelcev-v-okviru-projekta-sodelovanja-zgodbe-rok-in-krajev","status":"publish","type":"post","link":"https:\/\/www.las-stik.si\/programsko-obdobje-2014-2020\/novice\/vabilo-na-delavnice-in-srecanje-rokodelcev-v-okviru-projekta-sodelovanja-zgodbe-rok-in-krajev\/","title":{"rendered":"Vabilo na delavnice in sre\u010danje rokodelcev v okviru projekta sodelovanja Zgodbe rok in krajev"},"content":{"rendered":"<p>&nbsp;<\/p>\n<p style=\"text-align: center;\"><img loading=\"lazy\" decoding=\"async\" class=\" size-full wp-image-2274\" src=\"https:\/\/www.las-stik.si\/programsko-obdobje-2014-2020\/wp-content\/uploads\/2017\/10\/zgodbe_2_navp.240x0.jpg\" alt=\"zgodbe 2 navp.240x0\" width=\"240\" height=\"106\" \/><\/p>\n<p style=\"text-align: center;\">&nbsp;<\/p>\n<p style=\"text-align: center;\">V okviru projekta Zgodbe rok in krajev vas vljudno vabimo na Interaktivno delavnico I, Sre\u010danje rokodelcev s predavanjem o oblikovanju embala\u017ee za rokodelske izdelke in Interaktivno delavnico II.<\/p>\n<p style=\"text-align: center;\"><span style=\"color: #000080;\"><strong>Interaktivna delavnica in Sre\u010danje rokodelcev<\/strong><\/span> bosta potekali <strong>v torek, 20. novembra 2018 od 15.00 ure<\/strong> do predvidoma 18.00 ure <strong>na CIK Trebnj<\/strong>e, Kidri\u010deva ulica 2, 8210 Trebnje (U\u010dilnica &scaron;t. 4) in sicer:<br \/>&bull; Ob 15.00 Interaktivna delavnica (<a href=\"https:\/\/www.las-stik.si\/programsko-obdobje-2014-2020\/wp-content\/uploads\/2018\/11\/Vabilo_na_Interativno_delavnico_I.pdf\" target=\"_blank\" rel=\"noopener\">Vabilo<\/a>)<br \/>&bull; Ob 16.30 Sre\u010danje rokodelcev in predavanje (<a href=\"https:\/\/www.las-stik.si\/programsko-obdobje-2014-2020\/wp-content\/uploads\/2018\/11\/Vabilo_na_srecanje_rokodelcev_in_predavanje.pdf\" target=\"_blank\" rel=\"noopener\">Vabilo<\/a>)<\/p>\n<p style=\"text-align: center;\">V okviru Interaktivne delavnice bo v sodelovanju z oblikovalko in etnologinjo narejena analiza konkretnih izdelkov rokodelcev in predlog njihove nadgradnje.<br \/>Zato prosimo rokodelce, da s sabo prinesejo eden svoj rokodelski izdelek. Delavnico bo izvedla etnologija Alenka Stra\u017ei&scaron;ar Lamov&scaron;ek v sodelovanju z oblikovalko Jano Vilman.<br \/>V okviru Sre\u010danja rokodelcev bo izvedeno tudi predavanje Oblikovanje embala\u017ee rokodelskih izdelkov, ki ga bo izvedla akademska restavratorka ga. Jana Vilman Proje, univ. dipl. in\u017e. oblikovanja tekstilij in obla\u010dil.<\/p>\n<p style=\"text-align: center;\">&nbsp;<\/p>\n<p style=\"text-align: center;\"><span style=\"color: #000080;\"><strong>Interaktivna delavnica II<\/strong>&nbsp;<\/span> (<a href=\"https:\/\/www.las-stik.si\/programsko-obdobje-2014-2020\/wp-content\/uploads\/2018\/11\/Vabilo_na_Interativno_delavnico_II.pdf\" target=\"_blank\" rel=\"noopener\">Vabilo<\/a>) bo potekala , <strong>v \u010detrtek, 22.11.2018 ob 16.30 uri na CIK Trebnje<\/strong>, Kidri\u010deva ulica 2, 8210 Trebnje (U\u010dilnica &scaron;t. 4).<br \/>Na Interaktivni delavnici II bo narejen pregled izpopolnjenih izdelkov na osnovi priporo\u010dil etnologa in oblikovalca iz Interaktivne delavnice I.<br \/>Delavnico bo izvedla etnologija Alenka Stra\u017ei&scaron;ar Lamov&scaron;ek.<\/p>\n<p style=\"text-align: center;\">&nbsp;<\/p>\n<p style=\"text-align: center;\">Vljudno vabljeni!<\/p>\n<p style=\"text-align: center;\">&nbsp;<\/p>\n<p style=\"text-align: center;\"><img loading=\"lazy\" decoding=\"async\" class=\" size-full wp-image-2374\" src=\"https:\/\/www.las-stik.si\/programsko-obdobje-2014-2020\/wp-content\/uploads\/2018\/10\/Brez_naslova.png\" alt=\"Brez naslova\" width=\"776\" height=\"136\" srcset=\"https:\/\/www.las-stik.si\/programsko-obdobje-2014-2020\/wp-content\/uploads\/2018\/10\/Brez_naslova.png 776w, https:\/\/www.las-stik.si\/programsko-obdobje-2014-2020\/wp-content\/uploads\/2018\/10\/Brez_naslova-300x53.png 300w, https:\/\/www.las-stik.si\/programsko-obdobje-2014-2020\/wp-content\/uploads\/2018\/10\/Brez_naslova-768x135.png 768w\" sizes=\"(max-width: 776px) 100vw, 776px\" \/><\/p>\n<p>&nbsp;<\/p>\n<p>&nbsp;<\/p>\n","protected":false},"excerpt":{"rendered":"<p>&nbsp; &nbsp; V okviru projekta Zgodbe rok in krajev vas vljudno vabimo na Interaktivno delavnico I, Sre\u010danje rokodelcev s predavanjem o oblikovanju embala\u017ee za rokodelske izdelke in Interaktivno delavnico II. Interaktivna delavnica in Sre\u010danje rokodelcev bosta potekali v torek, 20. novembra 2018 od 15.00 ure do predvidoma 18.00 ure na CIK Trebnje, Kidri\u010deva ulica 2,&hellip;<\/p>\n","protected":false},"author":1,"featured_media":2274,"comment_status":"closed","ping_status":"closed","sticky":false,"template":"","format":"standard","meta":{"footnotes":""},"categories":[33],"tags":[],"_links":{"self":[{"href":"https:\/\/www.las-stik.si\/programsko-obdobje-2014-2020\/wp-json\/wp\/v2\/posts\/2387"}],"collection":[{"href":"https:\/\/www.las-stik.si\/programsko-obdobje-2014-2020\/wp-json\/wp\/v2\/posts"}],"about":[{"href":"https:\/\/www.las-stik.si\/programsko-obdobje-2014-2020\/wp-json\/wp\/v2\/types\/post"}],"author":[{"embeddable":true,"href":"https:\/\/www.las-stik.si\/programsko-obdobje-2014-2020\/wp-json\/wp\/v2\/users\/1"}],"replies":[{"embeddable":true,"href":"https:\/\/www.las-stik.si\/programsko-obdobje-2014-2020\/wp-json\/wp\/v2\/comments?post=2387"}],"version-history":[{"count":0,"href":"https:\/\/www.las-stik.si\/programsko-obdobje-2014-2020\/wp-json\/wp\/v2\/posts\/2387\/revisions"}],"wp:featuredmedia":[{"embeddable":true,"href":"https:\/\/www.las-stik.si\/programsko-obdobje-2014-2020\/wp-json\/wp\/v2\/media\/2274"}],"wp:attachment":[{"href":"https:\/\/www.las-stik.si\/programsko-obdobje-2014-2020\/wp-json\/wp\/v2\/media?parent=2387"}],"wp:term":[{"taxonomy":"category","embeddable":true,"href":"https:\/\/www.las-stik.si\/programsko-obdobje-2014-2020\/wp-json\/wp\/v2\/categories?post=2387"},{"taxonomy":"post_tag","embeddable":true,"href":"https:\/\/www.las-stik.si\/programsko-obdobje-2014-2020\/wp-json\/wp\/v2\/tags?post=2387"}],"curies":[{"name":"wp","href":"https:\/\/api.w.org\/{rel}","templated":true}]}}