{"id":2393,"date":"2018-12-07T08:30:00","date_gmt":"2018-12-07T07:30:00","guid":{"rendered":"https:\/\/mandu.si\/ls\/?p=2393"},"modified":"2021-03-12T17:41:09","modified_gmt":"2021-03-12T16:41:09","slug":"zgodbe-rok-in-krajev-rokodelci-obogateni-z-novimi-znanji","status":"publish","type":"post","link":"https:\/\/www.las-stik.si\/programsko-obdobje-2014-2020\/novice\/zgodbe-rok-in-krajev-rokodelci-obogateni-z-novimi-znanji\/","title":{"rendered":"Zgodbe rok in krajev &#8211; rokodelci obogateni z novimi znanji"},"content":{"rendered":"<p style=\"text-align: center;\"><img loading=\"lazy\" decoding=\"async\" class=\" size-full wp-image-2274\" src=\"https:\/\/www.las-stik.si\/programsko-obdobje-2014-2020\/wp-content\/uploads\/2017\/10\/zgodbe_2_navp.240x0.jpg\" alt=\"zgodbe 2 navp.240x0\" width=\"240\" height=\"106\" \/><\/p>\n<p>&nbsp;<\/p>\n<p style=\"text-align: center;\">V okviru projekta Zgodbe rok in krajev, ki s povezovanjem 11. slovenskih lokalnih akcijskih skupin ustvarja bolj vzpodbudno okolje za razvoj rokodelstva v Sloveniji je LAS STIK 4. in 5. decembra 2018 v prostorih vodilnega partnerja CIK Trebnje izvedel seminar Temeljne kompetence rokodelcev, delavnici Komunikacijski temelji in Poslovni model za rokodelce ter predavanje Promocija in prodaja za rokodelce LAS STIK<\/p>\n<p style=\"text-align: center;\">V okviru seminarja Temeljne kompetence rokodelcev, ki ga je izvedel predavatelj Goran Lesni\u010dar Pu\u010dko, sekretar sekcij Obrtno-podjetni&scaron;ke zbornice Slovenije, so rokodelci bili podrobno seznanjeni s postopkom in pomenom pridobitve certifikata Rokodelstvo Art-Craft SLO, ki predstavlja pozitivno mnenje Strokovne komisije za dolo\u010den izdelek doma\u010de in umetnostne obrti.<\/p>\n<p style=\"text-align: center;\">Na delavnici Poslovni model za rokodelce, ki jo je izvedel predavatelj Pavle Ho\u010devar, sekretar OOZ Ribnica, so rokodelcem predstavljene oblike, v okviru katerih je mogo\u010de opravljati rokodelsko dejavnost\/izdelovanje izdelkov doma\u010de in umetnostne obrti ter &scaron;tevilne informacije v zvezi s poslovanjem rokodelcev.<\/p>\n<p style=\"text-align: center;\">Na delavnici Komunikacijski temelji in predavanju Promocija in prodaja, so rokodelci od predavatelja Franca Fritza Murglja, direktorja podjetja Ecetera d.o.o. izvedeli o temeljih promocije in prodaje rokodelskih izdelkov, kje in kako promovirati lastne izdelke, kateri so klju\u010di priprave promocijskih gradiv katera so u\u010dinkovita komunikacijska orodja ter kak&scaron;na je u\u010dinkovita spletna in FB stran za izbolj&scaron;anje prodaje rokodelskih izdelkov.<\/p>\n<p style=\"text-align: center;\">&nbsp;<\/p>\n<p style=\"text-align: center;\"><em><strong><span style=\"color: #000000;\">Kot zaklju\u010dna dogodka projekta trenutno pripravljamo &scaron;e 2 razstavi rokodelskih izdelkov na katerih si bodo obiskovalci lahko ogledali izdelke na&scaron;ih rokodelcev, ki so rezultat razvoja obstoje\u010dih izdelkov v okviru projekta ter nove unikatne izdelke, ki so nastali pod mentorstvom v okviru projekta. Ogledali si boste lahko tudi popolnoma novi rokodelski izdelek, ki so ga v sodelovanju s strokovnjaki v okviru projekta ustvarili rokodelci iz ob\u010din Dolenjske Toplice, Ivan\u010dna Gorica, Trebnje in \u017du\u017eemberk.<\/span><\/strong><\/em><\/p>\n<p style=\"text-align: center;\">Vljudno vabljeni.<\/p>\n<p style=\"text-align: center;\">&nbsp;<\/p>\n<p style=\"text-align: center;\"><code>[widgetkit id=14]<\/code><\/p>\n<p style=\"text-align: center;\">&nbsp;<\/p>\n<p style=\"text-align: center;\"><img loading=\"lazy\" decoding=\"async\" class=\" size-full wp-image-2374\" src=\"https:\/\/www.las-stik.si\/programsko-obdobje-2014-2020\/wp-content\/uploads\/2018\/10\/Brez_naslova.png\" alt=\"Brez naslova\" width=\"776\" height=\"136\" srcset=\"https:\/\/www.las-stik.si\/programsko-obdobje-2014-2020\/wp-content\/uploads\/2018\/10\/Brez_naslova.png 776w, https:\/\/www.las-stik.si\/programsko-obdobje-2014-2020\/wp-content\/uploads\/2018\/10\/Brez_naslova-300x53.png 300w, https:\/\/www.las-stik.si\/programsko-obdobje-2014-2020\/wp-content\/uploads\/2018\/10\/Brez_naslova-768x135.png 768w\" sizes=\"(max-width: 776px) 100vw, 776px\" \/><\/p>\n","protected":false},"excerpt":{"rendered":"<p>&nbsp; V okviru projekta Zgodbe rok in krajev, ki s povezovanjem 11. slovenskih lokalnih akcijskih skupin ustvarja bolj vzpodbudno okolje za razvoj rokodelstva v Sloveniji je LAS STIK 4. in 5. decembra 2018 v prostorih vodilnega partnerja CIK Trebnje izvedel seminar Temeljne kompetence rokodelcev, delavnici Komunikacijski temelji in Poslovni model za rokodelce ter predavanje Promocija&hellip;<\/p>\n","protected":false},"author":1,"featured_media":2274,"comment_status":"closed","ping_status":"closed","sticky":false,"template":"","format":"standard","meta":{"footnotes":""},"categories":[33],"tags":[],"_links":{"self":[{"href":"https:\/\/www.las-stik.si\/programsko-obdobje-2014-2020\/wp-json\/wp\/v2\/posts\/2393"}],"collection":[{"href":"https:\/\/www.las-stik.si\/programsko-obdobje-2014-2020\/wp-json\/wp\/v2\/posts"}],"about":[{"href":"https:\/\/www.las-stik.si\/programsko-obdobje-2014-2020\/wp-json\/wp\/v2\/types\/post"}],"author":[{"embeddable":true,"href":"https:\/\/www.las-stik.si\/programsko-obdobje-2014-2020\/wp-json\/wp\/v2\/users\/1"}],"replies":[{"embeddable":true,"href":"https:\/\/www.las-stik.si\/programsko-obdobje-2014-2020\/wp-json\/wp\/v2\/comments?post=2393"}],"version-history":[{"count":0,"href":"https:\/\/www.las-stik.si\/programsko-obdobje-2014-2020\/wp-json\/wp\/v2\/posts\/2393\/revisions"}],"wp:featuredmedia":[{"embeddable":true,"href":"https:\/\/www.las-stik.si\/programsko-obdobje-2014-2020\/wp-json\/wp\/v2\/media\/2274"}],"wp:attachment":[{"href":"https:\/\/www.las-stik.si\/programsko-obdobje-2014-2020\/wp-json\/wp\/v2\/media?parent=2393"}],"wp:term":[{"taxonomy":"category","embeddable":true,"href":"https:\/\/www.las-stik.si\/programsko-obdobje-2014-2020\/wp-json\/wp\/v2\/categories?post=2393"},{"taxonomy":"post_tag","embeddable":true,"href":"https:\/\/www.las-stik.si\/programsko-obdobje-2014-2020\/wp-json\/wp\/v2\/tags?post=2393"}],"curies":[{"name":"wp","href":"https:\/\/api.w.org\/{rel}","templated":true}]}}