{"id":2395,"date":"2018-12-07T13:57:35","date_gmt":"2018-12-07T12:57:35","guid":{"rendered":"https:\/\/mandu.si\/ls\/?p=2395"},"modified":"2021-03-12T17:40:56","modified_gmt":"2021-03-12T16:40:56","slug":"vabilo-na-delavnico-sadje-z-domacega-vrta-ii","status":"publish","type":"post","link":"https:\/\/www.las-stik.si\/programsko-obdobje-2014-2020\/novice\/vabilo-na-delavnico-sadje-z-domacega-vrta-ii\/","title":{"rendered":"Vabilo na delavnico SADJE Z DOMA\u010cEGA VRTA II"},"content":{"rendered":"<p style=\"text-align: center;\">Partnerji projekta <span style=\"font-size: 12pt;\"><em><strong>&#8220;\u010cate&scaron;ki &scaron;kreblni in prgi&scaron;\u010de sonca&#8221;<\/strong> <\/em><\/span>vabijo na delavnico<\/p>\n<p style=\"text-align: center;\"><strong><span style=\"font-size: 12pt;\">SADJE Z DOMA\u010cEGA VRTA II.<\/span><\/strong><\/p>\n<p style=\"text-align: center;\">V SOBOTO, <strong>8. DECEMBRA<\/strong> 2018, OB <strong>13.00<\/strong> URI, V KULTURNEM DOMU NA \u010cATE\u017dU.<\/p>\n<p style=\"text-align: center;\">Morebitne spremembe zaradi vremena bodo objavili na spletni strani <a href=\"http:\/\/www.kudcatez.si\">www.kudcatez.si<\/a> <\/p>\n<p style=\"text-align: center;\">Ve\u010d informacij najdete v&nbsp;<a href=\"https:\/\/www.las-stik.si\/programsko-obdobje-2014-2020\/wp-content\/uploads\/2018\/12\/vabilo_delavnica_sadje_z_domacega_vrta_II_a5.pdf\" target=\"_blank\" rel=\"noopener\">VABILU<\/a>.<\/p>\n","protected":false},"excerpt":{"rendered":"<p>Partnerji projekta &#8220;\u010cate&scaron;ki &scaron;kreblni in prgi&scaron;\u010de sonca&#8221; vabijo na delavnico SADJE Z DOMA\u010cEGA VRTA II. V SOBOTO, 8. DECEMBRA 2018, OB 13.00 URI, V KULTURNEM DOMU NA \u010cATE\u017dU. Morebitne spremembe zaradi vremena bodo objavili na spletni strani www.kudcatez.si Ve\u010d informacij najdete v&nbsp;VABILU.<\/p>\n","protected":false},"author":1,"featured_media":0,"comment_status":"closed","ping_status":"closed","sticky":false,"template":"","format":"standard","meta":{"footnotes":""},"categories":[33],"tags":[],"_links":{"self":[{"href":"https:\/\/www.las-stik.si\/programsko-obdobje-2014-2020\/wp-json\/wp\/v2\/posts\/2395"}],"collection":[{"href":"https:\/\/www.las-stik.si\/programsko-obdobje-2014-2020\/wp-json\/wp\/v2\/posts"}],"about":[{"href":"https:\/\/www.las-stik.si\/programsko-obdobje-2014-2020\/wp-json\/wp\/v2\/types\/post"}],"author":[{"embeddable":true,"href":"https:\/\/www.las-stik.si\/programsko-obdobje-2014-2020\/wp-json\/wp\/v2\/users\/1"}],"replies":[{"embeddable":true,"href":"https:\/\/www.las-stik.si\/programsko-obdobje-2014-2020\/wp-json\/wp\/v2\/comments?post=2395"}],"version-history":[{"count":0,"href":"https:\/\/www.las-stik.si\/programsko-obdobje-2014-2020\/wp-json\/wp\/v2\/posts\/2395\/revisions"}],"wp:attachment":[{"href":"https:\/\/www.las-stik.si\/programsko-obdobje-2014-2020\/wp-json\/wp\/v2\/media?parent=2395"}],"wp:term":[{"taxonomy":"category","embeddable":true,"href":"https:\/\/www.las-stik.si\/programsko-obdobje-2014-2020\/wp-json\/wp\/v2\/categories?post=2395"},{"taxonomy":"post_tag","embeddable":true,"href":"https:\/\/www.las-stik.si\/programsko-obdobje-2014-2020\/wp-json\/wp\/v2\/tags?post=2395"}],"curies":[{"name":"wp","href":"https:\/\/api.w.org\/{rel}","templated":true}]}}