{"id":2403,"date":"2019-01-03T06:59:03","date_gmt":"2019-01-03T05:59:03","guid":{"rendered":"https:\/\/mandu.si\/ls\/?p=2403"},"modified":"2021-03-12T17:39:51","modified_gmt":"2021-03-12T16:39:51","slug":"vabilo-na-delavnice","status":"publish","type":"post","link":"https:\/\/www.las-stik.si\/programsko-obdobje-2014-2020\/novice\/vabilo-na-delavnice\/","title":{"rendered":"VABILO NA DELAVNICE"},"content":{"rendered":"<p style=\"text-align: center; line-height: 19.2pt; background: white;\"><strong><span style=\"font-family: Arial, sans-serif;\">VABILO NA DELAVNICE<\/span><\/strong> <\/p>\n<p style=\"text-align: center; line-height: 19.2pt; background: white;\"><span style=\"font-size: 10pt; font-family: Arial, sans-serif;\">Center za izobra\u017eevanje in kulturo Trebnje, Kidri\u010deva ulica 2, 8210 Trebnje, kot vodilni partner LAS Suhe krajine, Temenice in Krke, Kidri\u010deva ulica 2, 8210 Trebnje je dne 26. 11. 2018 objavil <\/span><span style=\"font-size: 10pt; font-family: Arial, sans-serif;\">2. javni poziv&nbsp;za izbor operacij za uresni\u010devanje ciljev Strategije lokalnega razvoja na obmo\u010dju LAS STIK v letu 2018 &#8211; ESRR. <\/span> <\/p>\n<p style=\"text-align: center; line-height: 19.2pt; background: white;\"><strong><span style=\"font-family: Arial, sans-serif;\">Vljudno vabljeni na <\/span><\/strong><strong><span style=\"font-family: Arial, sans-serif;\">delavnice za predstavitev <\/span><\/strong> <\/p>\n<p style=\"text-align: center; line-height: 19.2pt; background: white;\"><strong><span style=\"font-family: Arial, sans-serif;\">2. javnega poziva&nbsp;za izbor operacij za uresni\u010devanje ciljev Strategije lokalnega razvoja na obmo\u010dju LAS STIK v letu 2018 &#8211; ESRR:<\/span><\/strong> <\/p>\n<table border=\"0\" style=\"border-collapse: collapse;\" cellspacing=\"0\" cellpadding=\"0\">\n<tbody>\n<tr>\n<td style=\"width: 127.2pt; border: 1pt solid #bfbfbf; background: #f2f2f2; padding: 0cm 5.4pt;\" valign=\"top\" width=\"170\"><strong><span style=\"font-size: 12pt; line-height: 107%;\">Datum<\/span><\/strong> \t\t\t<\/td>\n<td style=\"width: 63.8pt; border-top: 1pt solid #bfbfbf; border-right: 1pt solid #bfbfbf; border-bottom: 1pt solid #bfbfbf; border-left: none; background: #f2f2f2; padding: 0cm 5.4pt;\" valign=\"top\" width=\"85\"><strong><span style=\"font-size: 12pt; line-height: 107%;\">Ura<\/span><\/strong> \t\t\t<\/td>\n<td style=\"width: 290.55pt; border-top: 1pt solid #bfbfbf; border-right: 1pt solid #bfbfbf; border-bottom: 1pt solid #bfbfbf; border-left: none; background: #f2f2f2; padding: 0cm 5.4pt;\" valign=\"top\" width=\"387\"><strong><span style=\"font-size: 12pt; line-height: 107%;\">Lokacija<\/span><\/strong> \t\t\t<\/td>\n<\/tr>\n<tr style=\"height: 22.7pt;\">\n<td style=\"width: 127.2pt; border-right: 1pt solid #bfbfbf; border-bottom: 1pt solid #bfbfbf; border-left: 1pt solid #bfbfbf; border-top: none; padding: 0cm 5.4pt; height: 22.7pt;\" valign=\"top\" width=\"170\"><span style=\"line-height: 107%;\">torek, <strong>8. 1. 2019<\/strong><\/span> \t\t\t<\/td>\n<td style=\"width: 63.8pt; border-top: none; border-left: none; border-bottom: 1pt solid #bfbfbf; border-right: 1pt solid #bfbfbf; padding: 0cm 5.4pt; height: 22.7pt;\" valign=\"top\" width=\"85\"><span style=\"line-height: 107%;\">16.00<\/span> \t\t\t<\/td>\n<td style=\"width: 290.55pt; border-top: none; border-left: none; border-bottom: 1pt solid #bfbfbf; border-right: 1pt solid #bfbfbf; padding: 0cm 5.4pt; height: 22.7pt;\" valign=\"top\" width=\"387\"><strong><span style=\"line-height: 107%;\">Dolenjske Toplice<\/span><\/strong><span style=\"line-height: 107%;\">, Kulturno-kongresni center Dolenjske Toplice, II. nadstropje, sejna soba&nbsp;<\/span> \t\t\t<\/td>\n<\/tr>\n<tr>\n<td style=\"width: 127.2pt; border-right: 1pt solid #bfbfbf; border-bottom: 1pt solid #bfbfbf; border-left: 1pt solid #bfbfbf; border-top: none; padding: 0cm 5.4pt;\" valign=\"top\" width=\"170\"><span><span style=\"line-height: 107%;\">sreda<\/span><span style=\"line-height: 107%;\">, <strong>9. 1. 2019<\/strong><\/span><\/span> \t\t\t<\/td>\n<td style=\"width: 63.8pt; border-top: none; border-left: none; border-bottom: 1pt solid #bfbfbf; border-right: 1pt solid #bfbfbf; padding: 0cm 5.4pt;\" valign=\"top\" width=\"85\"><span style=\"line-height: 107%;\">17.00<\/span> \t\t\t<\/td>\n<td style=\"width: 290.55pt; border-top: none; border-left: none; border-bottom: 1pt solid #bfbfbf; border-right: 1pt solid #bfbfbf; padding: 0cm 5.4pt;\" valign=\"top\" width=\"387\"><strong><span>Ivan\u010dna Gorica<\/span><\/strong><span style=\" \">, sejna soba Ob\u010dine Ivan\u010dna Gorica, Sokolska 5<\/span> \t\t\t<\/td>\n<\/tr>\n<tr>\n<td style=\"width: 127.2pt; border-right: 1pt solid #bfbfbf; border-bottom: 1pt solid #bfbfbf; border-left: 1pt solid #bfbfbf; border-top: none; padding: 0cm 5.4pt;\" valign=\"top\" width=\"170\"><span style=\"line-height: 107%;\">torek, <strong>15. 1. 2019<\/strong><\/span> \t\t\t<\/td>\n<td style=\"width: 63.8pt; border-top: none; border-left: none; border-bottom: 1pt solid #bfbfbf; border-right: 1pt solid #bfbfbf; padding: 0cm 5.4pt;\" valign=\"top\" width=\"85\"><span style=\"line-height: 107%;\">16.00<\/span> \t\t\t<\/td>\n<td style=\"width: 290.55pt; border-top: none; border-left: none; border-bottom: 1pt solid #bfbfbf; border-right: 1pt solid #bfbfbf; padding: 0cm 5.4pt;\" valign=\"top\" width=\"387\"><strong><span style=\"line-height: 107%;\">\u017du\u017eemberk<\/span><\/strong><span style=\"line-height: 107%;\">, sejna soba Ob\u010dine \u017du\u017eemberk, Grajski trg 26<\/span> \t\t\t<\/td>\n<\/tr>\n<tr style=\"height: 30.8pt;\">\n<td style=\"width: 127.2pt; border-right: 1pt solid #bfbfbf; border-bottom: 1pt solid #bfbfbf; border-left: 1pt solid #bfbfbf; border-top: none; padding: 0cm 5.4pt; height: 30.8pt;\" valign=\"top\" width=\"170\"><span style=\"line-height: 107%;\">\u010detrtek, <strong>17. 1. 2019<\/strong><\/span> \t\t\t<\/td>\n<td style=\"width: 63.8pt; border-top: none; border-left: none; border-bottom: 1pt solid #bfbfbf; border-right: 1pt solid #bfbfbf; padding: 0cm 5.4pt; height: 30.8pt;\" valign=\"top\" width=\"85\"><span style=\"line-height: 107%;\">16.00<\/span> \t\t\t<\/td>\n<td style=\"width: 290.55pt; border-top: none; border-left: none; border-bottom: 1pt solid #bfbfbf; border-right: 1pt solid #bfbfbf; padding: 0cm 5.4pt; height: 30.8pt;\" valign=\"top\" width=\"387\"><strong><span style=\"line-height: 107%;\">Trebnje<\/span><\/strong><span style=\"line-height: 107%;\">, CIK Trebnje, II. nadstropje, u\u010dilnica 3, Kidri\u010deva ulica 2<\/span> \t\t\t<\/td>\n<\/tr>\n<\/tbody>\n<\/table>\n<p><span style=\"font-size: 10pt; line-height: 107%; font-family: Arial, sans-serif;\">Trebnje, 03.01.2019<\/span> <\/p>\n","protected":false},"excerpt":{"rendered":"<p>VABILO NA DELAVNICE Center za izobra\u017eevanje in kulturo Trebnje, Kidri\u010deva ulica 2, 8210 Trebnje, kot vodilni partner LAS Suhe krajine, Temenice in Krke, Kidri\u010deva ulica 2, 8210 Trebnje je dne 26. 11. 2018 objavil 2. javni poziv&nbsp;za izbor operacij za uresni\u010devanje ciljev Strategije lokalnega razvoja na obmo\u010dju LAS STIK v letu 2018 &#8211; ESRR. Vljudno&hellip;<\/p>\n","protected":false},"author":1,"featured_media":0,"comment_status":"closed","ping_status":"closed","sticky":false,"template":"","format":"standard","meta":{"footnotes":""},"categories":[33],"tags":[],"_links":{"self":[{"href":"https:\/\/www.las-stik.si\/programsko-obdobje-2014-2020\/wp-json\/wp\/v2\/posts\/2403"}],"collection":[{"href":"https:\/\/www.las-stik.si\/programsko-obdobje-2014-2020\/wp-json\/wp\/v2\/posts"}],"about":[{"href":"https:\/\/www.las-stik.si\/programsko-obdobje-2014-2020\/wp-json\/wp\/v2\/types\/post"}],"author":[{"embeddable":true,"href":"https:\/\/www.las-stik.si\/programsko-obdobje-2014-2020\/wp-json\/wp\/v2\/users\/1"}],"replies":[{"embeddable":true,"href":"https:\/\/www.las-stik.si\/programsko-obdobje-2014-2020\/wp-json\/wp\/v2\/comments?post=2403"}],"version-history":[{"count":0,"href":"https:\/\/www.las-stik.si\/programsko-obdobje-2014-2020\/wp-json\/wp\/v2\/posts\/2403\/revisions"}],"wp:attachment":[{"href":"https:\/\/www.las-stik.si\/programsko-obdobje-2014-2020\/wp-json\/wp\/v2\/media?parent=2403"}],"wp:term":[{"taxonomy":"category","embeddable":true,"href":"https:\/\/www.las-stik.si\/programsko-obdobje-2014-2020\/wp-json\/wp\/v2\/categories?post=2403"},{"taxonomy":"post_tag","embeddable":true,"href":"https:\/\/www.las-stik.si\/programsko-obdobje-2014-2020\/wp-json\/wp\/v2\/tags?post=2403"}],"curies":[{"name":"wp","href":"https:\/\/api.w.org\/{rel}","templated":true}]}}