{"id":2410,"date":"2019-05-30T13:59:14","date_gmt":"2019-05-30T12:59:14","guid":{"rendered":"https:\/\/mandu.si\/ls\/?p=2410"},"modified":"2021-03-13T16:11:35","modified_gmt":"2021-03-13T15:11:35","slug":"vabilo-na-delavnice-trzenjske-akademije","status":"publish","type":"post","link":"https:\/\/www.las-stik.si\/programsko-obdobje-2014-2020\/novice\/vabilo-na-delavnice-trzenjske-akademije\/","title":{"rendered":"Vabilo na delavnice Tr\u017eenjske akademije"},"content":{"rendered":"<h2 class=\"entry-title\">Vabilo na delavnice Tr\u017eenjske akademije<\/h2>\n<p>V okviru operacije <strong>Inovativnej\u0161e ve\u0161\u010dine tr\u017eenja za mlada podjetja<\/strong> vabijo po nova znanja in poslovne ve\u0161\u010dine na brezpla\u010dne izobra\u017eevalne delavnice Tr\u017eenjske akademije:<\/p>\n<p><strong>Kako pravilno razumeti in na\u010drtno uporabljati sporo\u010dila govorice telesa<\/strong><br \/>\nSti\u010dna, PE Kulturni dom, 30. maj 2019 ob 13.30<\/p>\n<p><strong>Kako s pomo\u010djo neverbalne komunikacije pove\u010dati prodajo?<\/strong><br \/>\nSti\u010dna, PE Kulturni dom, 30. maj 2019 ob 15.00<\/p>\n<p><strong>Zakaj bodo kupili va\u0161 izdelek oziroma storitev?<\/strong><br \/>\nSti\u010dna, PE Kulturni dom, 4. junija 2019 ob 13.00<\/p>\n<p><strong>Ne bodite \u017ertev najve\u010dje napake prodajalcev<\/strong><br \/>\nSti\u010dna, PE Kulturni dom, 4. junija 2019 ob 15.00<\/p>\n<p><strong>Dolo\u010ditev in komunikacija unikatne prodajne argumentacije (USP)<\/strong><br \/>\nSti\u010dna, PE Kulturni dom, 11. junija 2019 ob 13.00<\/p>\n<p><strong>Postavitev u\u010dinkovite prodajne strategije<\/strong><br \/>\nSti\u010dna, PE Kulturni dom, 11. junija 2019 ob 15.00<\/p>\n<p><strong>Dolo\u010ditev cenovne politike<\/strong><br \/>\nSti\u010dna, PE Kulturni dom, 13. junija 2019 ob 13.00<\/p>\n<p><strong>Oblikovanje optimalne ponudbe<\/strong><br \/>\nSti\u010dna, PE Kulturni dom, 13. junija 2019 ob 15.00<\/p>\n<p>\u0160tevilo mest na izobra\u017eevalnih delavnicah je omejeno zaradi prostorskih omejitev in \u017eelje po \u010dim ve\u010dji kakovosti izvedbe delavnic, zato so <strong>prijave na delavnice obvezne<\/strong>.<\/p>\n<p>Ve\u010d informacij o delavnicah in prijavi najdete v vabilu <strong><a href=\"https:\/\/www.las-stik.si\/programsko-obdobje-2014-2020\/wp-content\/uploads\/2019\/05\/Vabilo_na_delavnice_v_sklopu_operacije_XXL4SX.pdf\" target=\"_blank\" rel=\"noopener\">TUKAJ.<\/a><\/strong><\/p>\n<p><img loading=\"lazy\" decoding=\"async\" class=\" size-full wp-image-2408\" src=\"https:\/\/www.las-stik.si\/programsko-obdobje-2014-2020\/wp-content\/uploads\/2019\/05\/B365-pasica-IVG.PNG\" alt=\"B365 pasica IVG\" width=\"1326\" height=\"250\" srcset=\"https:\/\/www.las-stik.si\/programsko-obdobje-2014-2020\/wp-content\/uploads\/2019\/05\/B365-pasica-IVG.PNG 1326w, https:\/\/www.las-stik.si\/programsko-obdobje-2014-2020\/wp-content\/uploads\/2019\/05\/B365-pasica-IVG-300x57.png 300w, https:\/\/www.las-stik.si\/programsko-obdobje-2014-2020\/wp-content\/uploads\/2019\/05\/B365-pasica-IVG-1024x193.png 1024w, https:\/\/www.las-stik.si\/programsko-obdobje-2014-2020\/wp-content\/uploads\/2019\/05\/B365-pasica-IVG-768x145.png 768w\" sizes=\"(max-width: 1326px) 100vw, 1326px\" \/><\/p>\n","protected":false},"excerpt":{"rendered":"<p>Vabilo na delavnice Tr\u017eenjske akademije V okviru operacije Inovativnej\u0161e ve\u0161\u010dine tr\u017eenja za mlada podjetja vabijo po nova znanja in poslovne ve\u0161\u010dine na brezpla\u010dne izobra\u017eevalne delavnice Tr\u017eenjske akademije: Kako pravilno razumeti in na\u010drtno uporabljati sporo\u010dila govorice telesa Sti\u010dna, PE Kulturni dom, 30. maj 2019 ob 13.30 Kako s pomo\u010djo neverbalne komunikacije pove\u010dati prodajo? Sti\u010dna, PE Kulturni&hellip;<\/p>\n","protected":false},"author":1,"featured_media":0,"comment_status":"closed","ping_status":"closed","sticky":false,"template":"","format":"standard","meta":{"footnotes":""},"categories":[33],"tags":[],"_links":{"self":[{"href":"https:\/\/www.las-stik.si\/programsko-obdobje-2014-2020\/wp-json\/wp\/v2\/posts\/2410"}],"collection":[{"href":"https:\/\/www.las-stik.si\/programsko-obdobje-2014-2020\/wp-json\/wp\/v2\/posts"}],"about":[{"href":"https:\/\/www.las-stik.si\/programsko-obdobje-2014-2020\/wp-json\/wp\/v2\/types\/post"}],"author":[{"embeddable":true,"href":"https:\/\/www.las-stik.si\/programsko-obdobje-2014-2020\/wp-json\/wp\/v2\/users\/1"}],"replies":[{"embeddable":true,"href":"https:\/\/www.las-stik.si\/programsko-obdobje-2014-2020\/wp-json\/wp\/v2\/comments?post=2410"}],"version-history":[{"count":0,"href":"https:\/\/www.las-stik.si\/programsko-obdobje-2014-2020\/wp-json\/wp\/v2\/posts\/2410\/revisions"}],"wp:attachment":[{"href":"https:\/\/www.las-stik.si\/programsko-obdobje-2014-2020\/wp-json\/wp\/v2\/media?parent=2410"}],"wp:term":[{"taxonomy":"category","embeddable":true,"href":"https:\/\/www.las-stik.si\/programsko-obdobje-2014-2020\/wp-json\/wp\/v2\/categories?post=2410"},{"taxonomy":"post_tag","embeddable":true,"href":"https:\/\/www.las-stik.si\/programsko-obdobje-2014-2020\/wp-json\/wp\/v2\/tags?post=2410"}],"curies":[{"name":"wp","href":"https:\/\/api.w.org\/{rel}","templated":true}]}}