{"id":2421,"date":"2019-09-27T06:28:25","date_gmt":"2019-09-27T05:28:25","guid":{"rendered":"https:\/\/mandu.si\/ls\/?p=2421"},"modified":"2021-03-12T17:35:53","modified_gmt":"2021-03-12T16:35:53","slug":"5-slovenski-podezelski-parlament","status":"publish","type":"post","link":"https:\/\/www.las-stik.si\/programsko-obdobje-2014-2020\/novice\/5-slovenski-podezelski-parlament\/","title":{"rendered":"5. SLOVENSKI PODE\u017dELSKI PARLAMENT"},"content":{"rendered":"<p><img loading=\"lazy\" decoding=\"async\" class=\" size-full wp-image-2420\" src=\"https:\/\/www.las-stik.si\/programsko-obdobje-2014-2020\/wp-content\/uploads\/2019\/09\/5SPP_logo_hor.jpg\" alt=\"5SPP logo hor\" width=\"1574\" height=\"217\" srcset=\"https:\/\/www.las-stik.si\/programsko-obdobje-2014-2020\/wp-content\/uploads\/2019\/09\/5SPP_logo_hor.jpg 1574w, https:\/\/www.las-stik.si\/programsko-obdobje-2014-2020\/wp-content\/uploads\/2019\/09\/5SPP_logo_hor-300x41.jpg 300w, https:\/\/www.las-stik.si\/programsko-obdobje-2014-2020\/wp-content\/uploads\/2019\/09\/5SPP_logo_hor-1024x141.jpg 1024w, https:\/\/www.las-stik.si\/programsko-obdobje-2014-2020\/wp-content\/uploads\/2019\/09\/5SPP_logo_hor-768x106.jpg 768w, https:\/\/www.las-stik.si\/programsko-obdobje-2014-2020\/wp-content\/uploads\/2019\/09\/5SPP_logo_hor-1536x212.jpg 1536w\" sizes=\"(max-width: 1574px) 100vw, 1574px\" \/><\/p>\n<h3 style=\"text-align: center;\">&nbsp;<\/h3>\n<h3 style=\"text-align: center;\">8. in 9. oktobra v bo potekal 5. Slovenski pode\u017eelski parlament katerega glavna tema je Skupna kmetijska politika 2021-2027.<\/h3>\n<p style=\"text-align: center;\">&nbsp;<\/p>\n<h4 style=\"text-align: center;\"><strong>1. dan: torek, 8. 10. 2019<\/strong><\/h4>\n<p style=\"text-align: center;\">Prvi dan popoldan bodo potekale razprave v devetih delovnih skupinah, ki bodo zasedale razpr&scaron;ene po slikovitih Halozah. Udele\u017eenci bodoe lahko iskali re&scaron;itve za izzive novega programskega obdobja 2021-2027. Lokacije bodo sporo\u010dene naknadno. Zve\u010der se udele\u017eenci zberejo v Kulturnem poslovnem centru Maj&scaron;perk, kjer bo potekala slovesna razglasitev slovenskega predstavnika za <a href=\"http:\/\/drustvo-podezelje.si\/novice\/item\/760-natecaj-za-slovensko-najlepso-podezelsko-skupnost-2019\" target=\"_blank\" rel=\"noopener\">Evropsko nagrado za razvoj pode\u017eelja 2020<\/a> in <a href=\"http:\/\/geo.ff.uni-lj.si\/raziskovanje\/raziskovalni_projekti\/newbie\" target=\"_blank\" rel=\"noopener\">inovativnega novega pristopnika za leto 2018<\/a> (v okviru projekta NEWBIE).<\/p>\n<table cellpadding=\"0\" border=\"0\">\n<tbody>\n<tr>\n<td style=\"padding: 0.75pt;\"><strong><span style=\"font-size: 10pt; font-family: 'Arial', sans-serif;\">Delavnica<\/span><\/strong><\/td>\n<td style=\"padding: 0.75pt;\"><strong><span style=\"font-size: 10pt; font-family: 'Arial', sans-serif;\">Nosilec<\/span><\/strong><\/td>\n<\/tr>\n<tr>\n<td style=\"padding: 0.75pt;\"><span style=\"font-size: 10pt; font-family: 'Arial', sans-serif;\">1. Podpora vzdr\u017enim dohodkom kmetij<\/span><\/td>\n<td style=\"padding: 0.75pt;\"><span style=\"font-size: 10pt; font-family: 'Arial', sans-serif;\">Biotehni&scaron;ka fakulteta UL (dr. Marko Lovec)<\/span><\/td>\n<\/tr>\n<tr>\n<td style=\"padding: 0.75pt;\"><span style=\"font-size: 10pt; font-family: 'Arial', sans-serif;\">2. Krepitev tr\u017ene usmerjenosti in pove\u010danje konkuren\u010dnosti<\/span><\/td>\n<td style=\"padding: 0.75pt;\"><span style=\"font-size: 10pt; font-family: 'Arial', sans-serif;\">Biotehni&scaron;ka fakulteta UL (dr. Luka Juvan\u010di\u010d)<\/span><\/td>\n<\/tr>\n<tr>\n<td style=\"padding: 0.75pt;\"><span style=\"font-size: 10pt; font-family: 'Arial', sans-serif;\">3. Verige vrednosti<\/span><\/td>\n<td style=\"padding: 0.75pt;\"><span style=\"font-size: 10pt; font-family: 'Arial', sans-serif;\">GZS-Zbornica kmetijskih in \u017eivilskih podjetij&nbsp;(Nina Barbara Kri\u017enik) in Zadru\u017ena zveza Slovenije (mag. Anita Jaku&scaron;)<\/span><\/td>\n<\/tr>\n<tr>\n<td style=\"padding: 0.75pt;\"><span style=\"font-size: 10pt; font-family: 'Arial', sans-serif;\">4. Podnebne spremembe in u\u010dinkovito upravljanje naravnih virov<\/span><\/td>\n<td style=\"padding: 0.75pt;\"><span style=\"font-size: 10pt; font-family: 'Arial', sans-serif;\">Zveza dru&scaron;tev ekolo&scaron;kih kmetov Slovenije (dr. Franc Bavec) in Zavod za gozdove Slovenije (mag. Andrej Breznikar)<\/span><\/td>\n<\/tr>\n<tr>\n<td style=\"padding: 0.75pt;\"><span style=\"font-size: 10pt; font-family: 'Arial', sans-serif;\">5. Biotska raznovrstnost<\/span><\/td>\n<td style=\"padding: 0.75pt;\"><span style=\"font-size: 10pt; font-family: 'Arial', sans-serif;\">Kmetijski in&scaron;titut Slovenije (mag. Toma\u017e Cunder)<\/span><\/td>\n<\/tr>\n<tr>\n<td style=\"padding: 0.75pt;\"><span style=\"font-size: 10pt; font-family: 'Arial', sans-serif;\">6. Mladi in novi kmetje<\/span><\/td>\n<td style=\"padding: 0.75pt;\"><span style=\"font-size: 10pt; font-family: 'Arial', sans-serif;\">Filozofska fakulteta, Oddelek za geografijo (dr. Irma Poto\u010dnik Slavi\u010d)<\/span><\/td>\n<\/tr>\n<tr>\n<td style=\"padding: 0.75pt;\"><span style=\"font-size: 10pt; font-family: 'Arial', sans-serif;\">7. Socialna vklju\u010denost, lokalni razvoj na pode\u017eelskih obmo\u010djih (pristop LEADER\/CLLD) in lokalna ekonomija (v angle&scaron;\u010dini!)<\/span><\/td>\n<td style=\"padding: 0.75pt;\"><span style=\"font-size: 10pt; font-family: 'Arial', sans-serif;\">Dru&scaron;tvo za razvoj slovenskega pode\u017eelja (Ale&scaron; Zidar, Goran &Scaron;oster)<\/span><\/td>\n<\/tr>\n<tr>\n<td style=\"padding: 0.75pt;\"><span style=\"font-size: 10pt; font-family: 'Arial', sans-serif;\">8. Kakovost hrane, zdravja in dobrobit \u017eivali<\/span><\/td>\n<td style=\"padding: 0.75pt;\"><span style=\"font-size: 10pt; font-family: 'Arial', sans-serif;\">Kmetijsko gozdarska zbornica Slovenije (Gabrijela Salobir)<\/span><\/td>\n<\/tr>\n<tr>\n<td style=\"padding: 0.75pt;\"><span style=\"font-size: 10pt; font-family: 'Arial', sans-serif;\">9. Prenos znanja, inovacij in digitalizacija v kmetijstvu<\/span><\/td>\n<td style=\"padding: 0.75pt;\"><span style=\"font-size: 10pt; font-family: 'Arial', sans-serif;\">Dru&scaron;tvo za marketing Slovenije (Tanja Kavran), Sindikat kmetov Slovenije (Jernej Redek), Fakulteta za kmetijstvo in biosistemske vede (dr. Miran Lakota)<\/span><\/td>\n<\/tr>\n<\/tbody>\n<\/table>\n<p style=\"text-align: center;\">&nbsp;<\/p>\n<p style=\"text-align: center;\">&nbsp;<\/p>\n<h4 style=\"text-align: center;\"><strong>2. dan: sreda, 9. 10. 2019<\/strong><\/h4>\n<p style=\"text-align: center;\">Drugi dan dopoldan bo potekalo poro\u010danje zaklju\u010dkov in ugotovitev po delavnicah v obliki panelne razprave z uglednimi gosti. Mo\u017enost razprave bodo imeli tudi vsi udele\u017eenci, ki niso mogli biti prisotni na posamezni delavnici. Dogodek se bo zaklju\u010dil s priporo\u010dili 5. pode\u017eelskega parlamenta.<\/p>\n<p style=\"text-align: center;\">&nbsp;<\/p>\n<p style=\"text-align: center;\"><strong>Prijave<\/strong> na dogodek zbirajo organizatorji najkasneje <strong>do 30. septembra 2019<\/strong> oz. do zapolnitve razpolo\u017eljivih mest <strong>preko <a href=\"http:\/\/drustvo-podezelje.si\/podezelski-parlament\/slovenski-podezelski-parlament\/prijavnica-na-5-spp\" target=\"_blank\" rel=\"noopener\">povezave<\/a>.<\/strong> Kotizacije za dogodek ni, udele\u017eencem je zagotovljen brezpla\u010den program in prehrana v \u010dasu zasedanja pode\u017eelskega parlamenta.<br \/>Ve\u010d informacij o dogodku in registraciji najdete na spletnih straneh <a href=\"http:\/\/drustvo-podezelje.si\/podezelski-parlament\/slovenski-podezelski-parlament\/5-spp\" target=\"_blank\" rel=\"noopener\">www.drustvo-podezelje.si <\/a>in <a href=\"https:\/\/www.program-podezelja.si\/sl\/\" target=\"_blank\" rel=\"noopener\">www.program-podezelja.si<\/a>.<\/p>\n","protected":false},"excerpt":{"rendered":"<p>&nbsp; 8. in 9. oktobra v bo potekal 5. Slovenski pode\u017eelski parlament katerega glavna tema je Skupna kmetijska politika 2021-2027. &nbsp; 1. dan: torek, 8. 10. 2019 Prvi dan popoldan bodo potekale razprave v devetih delovnih skupinah, ki bodo zasedale razpr&scaron;ene po slikovitih Halozah. Udele\u017eenci bodoe lahko iskali re&scaron;itve za izzive novega programskega obdobja 2021-2027.&hellip;<\/p>\n","protected":false},"author":1,"featured_media":2420,"comment_status":"closed","ping_status":"closed","sticky":false,"template":"","format":"standard","meta":{"footnotes":""},"categories":[33],"tags":[],"_links":{"self":[{"href":"https:\/\/www.las-stik.si\/programsko-obdobje-2014-2020\/wp-json\/wp\/v2\/posts\/2421"}],"collection":[{"href":"https:\/\/www.las-stik.si\/programsko-obdobje-2014-2020\/wp-json\/wp\/v2\/posts"}],"about":[{"href":"https:\/\/www.las-stik.si\/programsko-obdobje-2014-2020\/wp-json\/wp\/v2\/types\/post"}],"author":[{"embeddable":true,"href":"https:\/\/www.las-stik.si\/programsko-obdobje-2014-2020\/wp-json\/wp\/v2\/users\/1"}],"replies":[{"embeddable":true,"href":"https:\/\/www.las-stik.si\/programsko-obdobje-2014-2020\/wp-json\/wp\/v2\/comments?post=2421"}],"version-history":[{"count":0,"href":"https:\/\/www.las-stik.si\/programsko-obdobje-2014-2020\/wp-json\/wp\/v2\/posts\/2421\/revisions"}],"wp:featuredmedia":[{"embeddable":true,"href":"https:\/\/www.las-stik.si\/programsko-obdobje-2014-2020\/wp-json\/wp\/v2\/media\/2420"}],"wp:attachment":[{"href":"https:\/\/www.las-stik.si\/programsko-obdobje-2014-2020\/wp-json\/wp\/v2\/media?parent=2421"}],"wp:term":[{"taxonomy":"category","embeddable":true,"href":"https:\/\/www.las-stik.si\/programsko-obdobje-2014-2020\/wp-json\/wp\/v2\/categories?post=2421"},{"taxonomy":"post_tag","embeddable":true,"href":"https:\/\/www.las-stik.si\/programsko-obdobje-2014-2020\/wp-json\/wp\/v2\/tags?post=2421"}],"curies":[{"name":"wp","href":"https:\/\/api.w.org\/{rel}","templated":true}]}}