{"id":2427,"date":"2019-12-10T14:56:41","date_gmt":"2019-12-10T13:56:41","guid":{"rendered":"https:\/\/mandu.si\/ls\/?p=2427"},"modified":"2021-03-12T17:34:41","modified_gmt":"2021-03-12T16:34:41","slug":"delovni-cas-v-casu-novoletnih-pocitnic","status":"publish","type":"post","link":"https:\/\/www.las-stik.si\/programsko-obdobje-2014-2020\/novice\/delovni-cas-v-casu-novoletnih-pocitnic\/","title":{"rendered":"DELOVNI \u010cAS V \u010cASU NOVOLETNIH PO\u010cITNIC"},"content":{"rendered":"<p>V \u010dasu novoletnih po\u010ditnic bo odpiralni \u010das pisarne LAS STIK spremenjen. Hvala za razumevanje.<\/p>\n<p><img loading=\"lazy\" decoding=\"async\" class=\" size-full wp-image-2426\" src=\"https:\/\/www.las-stik.si\/programsko-obdobje-2014-2020\/wp-content\/uploads\/2019\/12\/Novoletni-delovni-cas-1.jpg\" alt=\"Novoletni delovni \u010das 1\" width=\"1240\" height=\"1754\" srcset=\"https:\/\/www.las-stik.si\/programsko-obdobje-2014-2020\/wp-content\/uploads\/2019\/12\/Novoletni-delovni-cas-1.jpg 566w, https:\/\/www.las-stik.si\/programsko-obdobje-2014-2020\/wp-content\/uploads\/2019\/12\/Novoletni-delovni-cas-1-212x300.jpg 212w, https:\/\/www.las-stik.si\/programsko-obdobje-2014-2020\/wp-content\/uploads\/2019\/12\/Novoletni-delovni-cas-1-724x1024.jpg 724w, https:\/\/www.las-stik.si\/programsko-obdobje-2014-2020\/wp-content\/uploads\/2019\/12\/Novoletni-delovni-cas-1-768x1086.jpg 768w, https:\/\/www.las-stik.si\/programsko-obdobje-2014-2020\/wp-content\/uploads\/2019\/12\/Novoletni-delovni-cas-1-1086x1536.jpg 1086w\" sizes=\"(max-width: 1240px) 100vw, 1240px\" \/><\/p>\n","protected":false},"excerpt":{"rendered":"<p>V \u010dasu novoletnih po\u010ditnic bo odpiralni \u010das pisarne LAS STIK spremenjen. Hvala za razumevanje.<\/p>\n","protected":false},"author":1,"featured_media":2426,"comment_status":"closed","ping_status":"closed","sticky":false,"template":"","format":"standard","meta":{"footnotes":""},"categories":[33],"tags":[],"_links":{"self":[{"href":"https:\/\/www.las-stik.si\/programsko-obdobje-2014-2020\/wp-json\/wp\/v2\/posts\/2427"}],"collection":[{"href":"https:\/\/www.las-stik.si\/programsko-obdobje-2014-2020\/wp-json\/wp\/v2\/posts"}],"about":[{"href":"https:\/\/www.las-stik.si\/programsko-obdobje-2014-2020\/wp-json\/wp\/v2\/types\/post"}],"author":[{"embeddable":true,"href":"https:\/\/www.las-stik.si\/programsko-obdobje-2014-2020\/wp-json\/wp\/v2\/users\/1"}],"replies":[{"embeddable":true,"href":"https:\/\/www.las-stik.si\/programsko-obdobje-2014-2020\/wp-json\/wp\/v2\/comments?post=2427"}],"version-history":[{"count":0,"href":"https:\/\/www.las-stik.si\/programsko-obdobje-2014-2020\/wp-json\/wp\/v2\/posts\/2427\/revisions"}],"wp:featuredmedia":[{"embeddable":true,"href":"https:\/\/www.las-stik.si\/programsko-obdobje-2014-2020\/wp-json\/wp\/v2\/media\/2426"}],"wp:attachment":[{"href":"https:\/\/www.las-stik.si\/programsko-obdobje-2014-2020\/wp-json\/wp\/v2\/media?parent=2427"}],"wp:term":[{"taxonomy":"category","embeddable":true,"href":"https:\/\/www.las-stik.si\/programsko-obdobje-2014-2020\/wp-json\/wp\/v2\/categories?post=2427"},{"taxonomy":"post_tag","embeddable":true,"href":"https:\/\/www.las-stik.si\/programsko-obdobje-2014-2020\/wp-json\/wp\/v2\/tags?post=2427"}],"curies":[{"name":"wp","href":"https:\/\/api.w.org\/{rel}","templated":true}]}}