{"id":2433,"date":"2020-05-18T07:05:00","date_gmt":"2020-05-18T06:05:00","guid":{"rendered":"https:\/\/mandu.si\/ls\/?p=2433"},"modified":"2021-03-12T17:33:27","modified_gmt":"2021-03-12T16:33:27","slug":"cik-ponovno-odpira-svoja-vrata","status":"publish","type":"post","link":"https:\/\/www.las-stik.si\/programsko-obdobje-2014-2020\/novice\/cik-ponovno-odpira-svoja-vrata\/","title":{"rendered":"CIK PONOVNO ODPIRA SVOJA VRATA"},"content":{"rendered":"<p><span style=\"font-size: 9pt; font-family: 'Verdana', sans-serif; color: #404040;\">Spo&scaron;tovani.<\/span><\/p>\n<p><span style=\"font-size: 9pt; font-family: 'Verdana', sans-serif; color: #404040;\">Na podlagi priporo\u010dil pristojnih in Odlokom o preklicu epidemije nalezljive bolezni SARS-CoV-2 (COVID-19) ter Odlokom o za\u010dasni prepovedi zbiranja ljudi v zavodih s podro\u010dja vzgoje in izobra\u017eevanja, tudi CIK Trebnje s 18. majem 2020 odpira svoja vrata za uporabnike storitev zavoda. Da bo va&scaron;e delo prijetno in varno, vas vljudno vabimo, da <strong><span style=\"text-decoration: underline;\">ob vstopu v zgradbo<\/span><\/strong> spo&scaron;tujete naslednja navodila:<\/span><\/p>\n<ul>\n<li><span style=\"font-size: 9pt; font-family: 'Verdana', sans-serif; color: #404040;\">Vstop v zgradbo in prostore v zgradbi je dovoljen samo <strong>ZDRAVIM OSEBAM<\/strong> in ki so <strong>NAJAVLJENE<\/strong> (imajo dogovorjen pouk, termin za svetovalno obravnavo, vpis, informiranje oz. sestanek z zaposlenimi v zgradbi).<\/span><\/li>\n<li><span style=\"font-size: 9pt; font-family: 'Verdana', sans-serif; color: #404040;\">V zgradbi je za vse obvezna uporaba <strong>(lastne) ZA&Scaron;\u010cITNE MASKE<\/strong> in <strong>RAZKU\u017dEVANJE ROK<\/strong> ob vhodu. <\/span><\/li>\n<li><span style=\"font-size: 9pt; font-family: 'Verdana', sans-serif; color: #404040;\">V zgradbo se <strong>vstopa POSAMI\u010cNO<\/strong>, najve\u010d 5-10 minut pred dogovorjeno aktivnostjo.<\/span><\/li>\n<li><strong><span style=\"font-size: 9pt; font-family: 'Verdana', sans-serif; color: #404040;\">Prepovedano je zadr\u017eevanje v notranjosti zgradbi<\/span><\/strong><span style=\"font-size: 9pt; font-family: 'Verdana', sans-serif; color: #404040;\"> (avle, hodniki, sanitarije, stopni&scaron;\u010da) pred in po aktivnosti.<\/span><\/li>\n<li><span style=\"font-size: 9pt; font-family: 'Verdana', sans-serif; color: #404040;\">Upo&scaron;tevamo <strong>ZADOSTNO MEDSEBOJNO RAZDALJO<\/strong>, vsaj 1,5-2metra.<\/span><\/li>\n<li><span style=\"font-size: 9pt; font-family: 'Verdana', sans-serif; color: #404040;\">Upo&scaron;tevamo pravilno <strong>HIGIENO KA&Scaron;LJA<\/strong>.<\/span><\/li>\n<\/ul>\n<p><span style=\"font-size: 9pt; font-family: 'Verdana', sans-serif; color: #404040;\">Ve\u010d navodil si lahko preberete TUKAJ:<\/span><\/p>\n<p style=\"text-indent: -18pt;\"><span style=\"font-size: 9pt; font-family: 'Verdana', sans-serif; color: #404040;\">&#8211;<span style=\"font: 7pt 'Times New Roman';\">&nbsp;&nbsp;&nbsp;&nbsp;&nbsp;&nbsp;&nbsp;&nbsp; <\/span><\/span><span style=\"font-size: 9pt; font-family: 'Verdana', sans-serif; color: #404040;\"><a href=\"http:\/\/www.cpi.si\/files\/cpi\/userfiles\/Datoteke\/Higienska_proporocila_za_srednje_sole_in_dijaske_domove_z_%20casCovid19sprilogami07052020.pdf\" target=\"_blank\" rel=\"noopener\">Priporo\u010dila NIJZ<\/a><\/span><\/p>\n<p style=\"text-indent: -18pt;\"><span style=\"font-size: 9pt; font-family: 'Verdana', sans-serif; color: #404040;\">&#8211;<span style=\"font: 7pt 'Times New Roman';\">&nbsp;&nbsp;&nbsp;&nbsp;&nbsp;&nbsp;&nbsp;&nbsp; <\/span><\/span><span style=\"font-size: 9pt; font-family: 'Verdana', sans-serif; color: #404040;\"><a href=\"https:\/\/www.las-stik.si\/programsko-obdobje-2014-2020\/wp-content\/uploads\/2020\/05\/12_Navodila_za_udelezence_izobrazevanja_in_uporabnike_storitev_CIK_COVID-19.pdf\" target=\"_blank\" rel=\"noopener\">Priporo\u010dila za udele\u017eence izobra\u017eevanja in druge uporabnike storitev CIK Trebnje<\/a><\/span><\/p>\n<p>&nbsp;<\/p>\n<p><span style=\"font-size: 9pt; font-family: 'Verdana', sans-serif; color: #404040;\">Za pojasnila, najavo obiska in druge informacije, smo dosegljivi na: 07 \/ 34 82 103 ali 031 \/ 647 072 in 031 672 737.<\/span><\/p>\n<p><span style=\"font-size: 9pt; font-family: 'Verdana', sans-serif; color: #404040;\">Veselimo se sre\u010danja z vami.<\/span><\/p>\n","protected":false},"excerpt":{"rendered":"<p>Spo&scaron;tovani. Na podlagi priporo\u010dil pristojnih in Odlokom o preklicu epidemije nalezljive bolezni SARS-CoV-2 (COVID-19) ter Odlokom o za\u010dasni prepovedi zbiranja ljudi v zavodih s podro\u010dja vzgoje in izobra\u017eevanja, tudi CIK Trebnje s 18. majem 2020 odpira svoja vrata za uporabnike storitev zavoda. Da bo va&scaron;e delo prijetno in varno, vas vljudno vabimo, da ob vstopu&hellip;<\/p>\n","protected":false},"author":1,"featured_media":0,"comment_status":"closed","ping_status":"closed","sticky":false,"template":"","format":"standard","meta":{"footnotes":""},"categories":[33],"tags":[],"_links":{"self":[{"href":"https:\/\/www.las-stik.si\/programsko-obdobje-2014-2020\/wp-json\/wp\/v2\/posts\/2433"}],"collection":[{"href":"https:\/\/www.las-stik.si\/programsko-obdobje-2014-2020\/wp-json\/wp\/v2\/posts"}],"about":[{"href":"https:\/\/www.las-stik.si\/programsko-obdobje-2014-2020\/wp-json\/wp\/v2\/types\/post"}],"author":[{"embeddable":true,"href":"https:\/\/www.las-stik.si\/programsko-obdobje-2014-2020\/wp-json\/wp\/v2\/users\/1"}],"replies":[{"embeddable":true,"href":"https:\/\/www.las-stik.si\/programsko-obdobje-2014-2020\/wp-json\/wp\/v2\/comments?post=2433"}],"version-history":[{"count":0,"href":"https:\/\/www.las-stik.si\/programsko-obdobje-2014-2020\/wp-json\/wp\/v2\/posts\/2433\/revisions"}],"wp:attachment":[{"href":"https:\/\/www.las-stik.si\/programsko-obdobje-2014-2020\/wp-json\/wp\/v2\/media?parent=2433"}],"wp:term":[{"taxonomy":"category","embeddable":true,"href":"https:\/\/www.las-stik.si\/programsko-obdobje-2014-2020\/wp-json\/wp\/v2\/categories?post=2433"},{"taxonomy":"post_tag","embeddable":true,"href":"https:\/\/www.las-stik.si\/programsko-obdobje-2014-2020\/wp-json\/wp\/v2\/tags?post=2433"}],"curies":[{"name":"wp","href":"https:\/\/api.w.org\/{rel}","templated":true}]}}