{"id":2438,"date":"2020-09-01T07:34:59","date_gmt":"2020-09-01T06:34:59","guid":{"rendered":"https:\/\/mandu.si\/ls\/?p=2438"},"modified":"2021-03-15T06:51:38","modified_gmt":"2021-03-15T05:51:38","slug":"anketa-o-trendih-na-podezelju","status":"publish","type":"post","link":"https:\/\/www.las-stik.si\/programsko-obdobje-2014-2020\/novice\/anketa-o-trendih-na-podezelju\/","title":{"rendered":"Anketa o trendih na pode\u017eelju"},"content":{"rendered":"<p>Pred vami je anketa v podporo oblikovanju vizije za razvoj slovenskega pode\u017eelja v naslednjih 20 letih. Anketa naslavlja razli\u010dne razse\u017enosti izzivov, s katerimi se sre\u010dujemo na pode\u017eelju. Z va\u0161im sodelovanjem bo oblikovana \u0161iroka vizija razvoja slovenskega pode\u017eelja v naslednjih 20 letih, kot tudi mo\u017ene poti do uresni\u010devanje te vizije. V ugotovitve, ki bodo prispevale k oblikovanju strate\u0161kih usmeritev za razvoj pode\u017eelja, bi radi \u010dim bolj celovito vklju\u010dili mnenja in poglede razli\u010dnih dru\u017ebenih skupin, katerih \u017eivljenje in delo se dotikata tega podro\u010dja. Zato vljudno vabljeni k sodelovanju in izpolnitvi vpra\u0161alnika, ki je dostopen na naslovu <a href=\"https:\/\/www.1ka.si\/a\/296216\" target=\"_blank\" rel=\"noopener\">https:\/\/www.1ka.si\/a\/296216.<\/a><\/p>\n<p>Anketa je pripravljena v okviru sti\u010di\u0161\u010da SVARUN, katerega namen je pridobivanje in usklajevanje stali\u0161\u010d razli\u010dnih dele\u017enikov na podro\u010dju pode\u017eelja in kmetijstva. Sti\u010di\u0161\u010de deluje v okviru evropskega projekta Obzorja 2020 <a href=\"https:\/\/rural-interfaces.eu\/what-is-sherpa\/\" target=\"_blank\" rel=\"noopener\">SHERPA<\/a>, ki povezuje znanost, dru\u017ebo in odlo\u010devalce pri oblikovanju prihodnjih skupnih evropskih politik. Na podlagi rezultatov preteklih razvojnih in raziskovalnih projektov oblikujejo predloge prihodnjih izbolj\u0161av, ki jih v nadaljevanju preverjajo v \u0161irokem posvetovanju z dele\u017eniki. Anketna raziskava, ki je pred vami, je del te \u0161ir\u0161e zgodbe in se nana\u0161a na \u0161iroko<a href=\"https:\/\/ec.europa.eu\/info\/law\/better-regulation\/have-your-say\/initiatives\/12525-Long-term-vision-for-rural-areas\" target=\"_blank\" rel=\"noopener\"> javno posvetovanje<\/a> o prihodnosti evropskih pode\u017eelskih obmo\u010dij, ki ga je za\u010dela Evropska komisija v juliju 2020. Raziskava, v katero se z izpolnjevanjem ankete vklju\u010dujete tudi vi, se odvija v razli\u010dnih evropskih dr\u017eavah. V njej \u017eelijo izvedeti, v kolik\u0161ni meri skupne politike na ravni EU naslavljajo specifi\u010dne razvojne izzive pode\u017eelja v dr\u017eavah \u010dlanicah. Stali\u0161\u010da, pridobljena v okviru te raziskave, pa bodo Komisiji posredovana kot enotno skupno stali\u0161\u010de vseh sodelujo\u010dih ve\u010ddele\u017eni\u0161kih sti\u010di\u0161\u010d.<\/p>\n","protected":false},"excerpt":{"rendered":"<p>Pred vami je anketa v podporo oblikovanju vizije za razvoj slovenskega pode\u017eelja v naslednjih 20 letih. Anketa naslavlja razli\u010dne razse\u017enosti izzivov, s katerimi se sre\u010dujemo na pode\u017eelju. Z va\u0161im sodelovanjem bo oblikovana \u0161iroka vizija razvoja slovenskega pode\u017eelja v naslednjih 20 letih, kot tudi mo\u017ene poti do uresni\u010devanje te vizije. V ugotovitve, ki bodo prispevale k&hellip;<\/p>\n","protected":false},"author":1,"featured_media":0,"comment_status":"closed","ping_status":"closed","sticky":false,"template":"","format":"standard","meta":{"footnotes":""},"categories":[33],"tags":[],"_links":{"self":[{"href":"https:\/\/www.las-stik.si\/programsko-obdobje-2014-2020\/wp-json\/wp\/v2\/posts\/2438"}],"collection":[{"href":"https:\/\/www.las-stik.si\/programsko-obdobje-2014-2020\/wp-json\/wp\/v2\/posts"}],"about":[{"href":"https:\/\/www.las-stik.si\/programsko-obdobje-2014-2020\/wp-json\/wp\/v2\/types\/post"}],"author":[{"embeddable":true,"href":"https:\/\/www.las-stik.si\/programsko-obdobje-2014-2020\/wp-json\/wp\/v2\/users\/1"}],"replies":[{"embeddable":true,"href":"https:\/\/www.las-stik.si\/programsko-obdobje-2014-2020\/wp-json\/wp\/v2\/comments?post=2438"}],"version-history":[{"count":0,"href":"https:\/\/www.las-stik.si\/programsko-obdobje-2014-2020\/wp-json\/wp\/v2\/posts\/2438\/revisions"}],"wp:attachment":[{"href":"https:\/\/www.las-stik.si\/programsko-obdobje-2014-2020\/wp-json\/wp\/v2\/media?parent=2438"}],"wp:term":[{"taxonomy":"category","embeddable":true,"href":"https:\/\/www.las-stik.si\/programsko-obdobje-2014-2020\/wp-json\/wp\/v2\/categories?post=2438"},{"taxonomy":"post_tag","embeddable":true,"href":"https:\/\/www.las-stik.si\/programsko-obdobje-2014-2020\/wp-json\/wp\/v2\/tags?post=2438"}],"curies":[{"name":"wp","href":"https:\/\/api.w.org\/{rel}","templated":true}]}}