{"id":2505,"date":"2015-07-22T18:07:19","date_gmt":"2015-07-22T17:07:19","guid":{"rendered":"https:\/\/mandu.si\/ls\/?p=2505"},"modified":"2021-03-12T18:07:59","modified_gmt":"2021-03-12T17:07:59","slug":"ustanovna-skupscina-las-stik-2","status":"publish","type":"post","link":"https:\/\/www.las-stik.si\/programsko-obdobje-2014-2020\/novice\/ustanovna-skupscina-las-stik-2\/","title":{"rendered":"Ustanovna skup\u0161\u010dina LAS STIK"},"content":{"rendered":"<div class=\"itemIntroText\">\n<p>V sredo, 22. julija 2015, je v \u017du\u017eemberku v grajski kletni dvorani potekala ustanovna skup\u0161\u010dina Lokalne akcijske skupine Suha krajina, Temenica in Krka (STIK).<\/p>\n<\/div>\n<div class=\"itemFullText\">\n<p>Oblikovala se je na pobudo \u017eupanov Ob\u010din Dolenjske Toplice, Ivan\u010dne Gorice, Trebnjega in Ob\u010dine \u017du\u017eemberk.<\/p>\n<p>Skup\u0161\u010dino je s pozdravnim nagovorom otvoril \u017eupan Ob\u010dine \u017du\u017eemberk Franc \u0160kufca, nato pa je pod\u017eupan Ob\u010dine Ivan\u010dna Gorica Toma\u017e Smole, ki je skup\u0161\u010dini tudi predsedoval, zbranim predstavil LAS STIK in Uredbo CLLD 2014-2020.<\/p>\n<p>Tekom uradnega dela so bili imenovani in s sklepom skup\u0161\u010dine potrjeni verifikacijska komisija, delovno predsedstvo skup\u0161\u010dine, zapisnikarica in overitelja zapisnika. Hkrati sta bila glede na podane predloge imenovana Upravni odbor in Nadzorni odbor LAS STIK.<br \/>\nVisoka udele\u017eba je pokazala visoko stopnjo pripravljenosti sodelovanja med razli\u010dnimi lokalnimi subjekti, ki je predpogoj za uspe\u0161en nadaljnji razvoj. Izku\u0161nje in potrebe lokalnega prebivalstva ter stali\u0161\u010da ostalih zainteresiranih dele\u017enikov na tem obmo\u010dju so namre\u010d klju\u010dnega pomena za ustvarjanje skupne razvojne politike, ki celovito re\u0161uje probleme in izzive lokalnega okolja.<\/p>\n<\/div>\n","protected":false},"excerpt":{"rendered":"<p>V sredo, 22. julija 2015, je v \u017du\u017eemberku v grajski kletni dvorani potekala ustanovna skup\u0161\u010dina Lokalne akcijske skupine Suha krajina, Temenica in Krka (STIK). Oblikovala se je na pobudo \u017eupanov Ob\u010din Dolenjske Toplice, Ivan\u010dne Gorice, Trebnjega in Ob\u010dine \u017du\u017eemberk. Skup\u0161\u010dino je s pozdravnim nagovorom otvoril \u017eupan Ob\u010dine \u017du\u017eemberk Franc \u0160kufca, nato pa je pod\u017eupan Ob\u010dine&hellip;<\/p>\n","protected":false},"author":1,"featured_media":0,"comment_status":"closed","ping_status":"closed","sticky":false,"template":"","format":"standard","meta":{"footnotes":""},"categories":[33],"tags":[],"_links":{"self":[{"href":"https:\/\/www.las-stik.si\/programsko-obdobje-2014-2020\/wp-json\/wp\/v2\/posts\/2505"}],"collection":[{"href":"https:\/\/www.las-stik.si\/programsko-obdobje-2014-2020\/wp-json\/wp\/v2\/posts"}],"about":[{"href":"https:\/\/www.las-stik.si\/programsko-obdobje-2014-2020\/wp-json\/wp\/v2\/types\/post"}],"author":[{"embeddable":true,"href":"https:\/\/www.las-stik.si\/programsko-obdobje-2014-2020\/wp-json\/wp\/v2\/users\/1"}],"replies":[{"embeddable":true,"href":"https:\/\/www.las-stik.si\/programsko-obdobje-2014-2020\/wp-json\/wp\/v2\/comments?post=2505"}],"version-history":[{"count":0,"href":"https:\/\/www.las-stik.si\/programsko-obdobje-2014-2020\/wp-json\/wp\/v2\/posts\/2505\/revisions"}],"wp:attachment":[{"href":"https:\/\/www.las-stik.si\/programsko-obdobje-2014-2020\/wp-json\/wp\/v2\/media?parent=2505"}],"wp:term":[{"taxonomy":"category","embeddable":true,"href":"https:\/\/www.las-stik.si\/programsko-obdobje-2014-2020\/wp-json\/wp\/v2\/categories?post=2505"},{"taxonomy":"post_tag","embeddable":true,"href":"https:\/\/www.las-stik.si\/programsko-obdobje-2014-2020\/wp-json\/wp\/v2\/tags?post=2505"}],"curies":[{"name":"wp","href":"https:\/\/api.w.org\/{rel}","templated":true}]}}