{"id":3637,"date":"2021-06-02T14:43:07","date_gmt":"2021-06-02T12:43:07","guid":{"rendered":"https:\/\/www.las-stik.si\/programsko-obdobje-2014-2020\/?p=3637"},"modified":"2021-06-02T14:45:54","modified_gmt":"2021-06-02T12:45:54","slug":"v-okviru-projekta-rast-izvedli-spletni-zbor-z-dr-janezom-bogatajem","status":"publish","type":"post","link":"https:\/\/www.las-stik.si\/programsko-obdobje-2014-2020\/novice\/v-okviru-projekta-rast-izvedli-spletni-zbor-z-dr-janezom-bogatajem\/","title":{"rendered":"V okviru projekta RAST izvedli spletni zbor z dr. Janezom Bogatajem"},"content":{"rendered":"<p>V \u010detrtek, 20. 5. 2021, je Zavod Prijetno doma\u010de v okviru <strong>projekta Razvoj in vzpostavitev sistema tr\u017eenja enostavnih in integralnih turisti\u010dnih produktov (RAST) <\/strong>izvedel <strong>Zbor turisti\u010dnih in gostinskih ponudnikov z dr. Janezom Bogatajem.<\/strong><\/p>\n<p>Tema predavanja je bila gastronomija in kulinarika obmo\u010dja, ki je pomembna sestavina celotne turisti\u010dne ponudbe<\/p>\n<p>Slovenija je leto\u0161njem letu razgla\u0161ena kot Evropska gastronomska regija 2021, katere ambasador je tudi <strong>prof. dr. Janez Bogataj<\/strong>, ki je ravno izdal tudi novo knjigo, v kateri opisuje tipi\u010dno kulinariko Dolenjske. Dr. Bogataj je podal nekaj izto\u010dnic, na podlagi katerih se lahko v prihodnje gradi kulinari\u010dna zgodba obmo\u010dja. Dogodek sta, s predstavitvijo tradicionalnih jedi, popestrili \u010dlanici <strong>Dru\u0161tva pode\u017eelskih \u017eena Ivanj\u0161\u010dice<\/strong>, Mateja \u017daren in Marijeta Meglen.<\/p>\n<p>V okviru projekta so razvili tudi \u00bbgajbico\u00ab z lokalnimi dobrotami, ki so jo dostavili vsem udele\u017eencem dogodka.<\/p>\n<p>&nbsp;<\/p>\n<p>Nekaj foto utrinkov:<\/p>\n<p><img loading=\"lazy\" decoding=\"async\" class=\"alignnone wp-image-3636\" src=\"https:\/\/www.las-stik.si\/programsko-obdobje-2014-2020\/wp-content\/uploads\/2021\/06\/uvodna-stran-300x135.png\" alt=\"\" width=\"355\" height=\"160\" srcset=\"https:\/\/www.las-stik.si\/programsko-obdobje-2014-2020\/wp-content\/uploads\/2021\/06\/uvodna-stran-300x135.png 300w, https:\/\/www.las-stik.si\/programsko-obdobje-2014-2020\/wp-content\/uploads\/2021\/06\/uvodna-stran-1024x461.png 1024w, https:\/\/www.las-stik.si\/programsko-obdobje-2014-2020\/wp-content\/uploads\/2021\/06\/uvodna-stran-150x68.png 150w, https:\/\/www.las-stik.si\/programsko-obdobje-2014-2020\/wp-content\/uploads\/2021\/06\/uvodna-stran-768x346.png 768w, https:\/\/www.las-stik.si\/programsko-obdobje-2014-2020\/wp-content\/uploads\/2021\/06\/uvodna-stran-1536x691.png 1536w, https:\/\/www.las-stik.si\/programsko-obdobje-2014-2020\/wp-content\/uploads\/2021\/06\/uvodna-stran.png 1920w\" sizes=\"(max-width: 355px) 100vw, 355px\" \/> \u00a0 <img loading=\"lazy\" decoding=\"async\" class=\"alignnone wp-image-3632\" src=\"https:\/\/www.las-stik.si\/programsko-obdobje-2014-2020\/wp-content\/uploads\/2021\/06\/ivanjscice-300x152.png\" alt=\"\" width=\"314\" height=\"159\" srcset=\"https:\/\/www.las-stik.si\/programsko-obdobje-2014-2020\/wp-content\/uploads\/2021\/06\/ivanjscice-300x152.png 300w, https:\/\/www.las-stik.si\/programsko-obdobje-2014-2020\/wp-content\/uploads\/2021\/06\/ivanjscice-1024x518.png 1024w, https:\/\/www.las-stik.si\/programsko-obdobje-2014-2020\/wp-content\/uploads\/2021\/06\/ivanjscice-150x76.png 150w, https:\/\/www.las-stik.si\/programsko-obdobje-2014-2020\/wp-content\/uploads\/2021\/06\/ivanjscice-768x389.png 768w, https:\/\/www.las-stik.si\/programsko-obdobje-2014-2020\/wp-content\/uploads\/2021\/06\/ivanjscice-1536x778.png 1536w, https:\/\/www.las-stik.si\/programsko-obdobje-2014-2020\/wp-content\/uploads\/2021\/06\/ivanjscice.png 1920w\" sizes=\"(max-width: 314px) 100vw, 314px\" \/><\/p>\n<p><img loading=\"lazy\" decoding=\"async\" class=\"alignnone size-medium wp-image-3633\" src=\"https:\/\/www.las-stik.si\/programsko-obdobje-2014-2020\/wp-content\/uploads\/2021\/06\/kmetija-kalar-oblak-225x300.jpg\" alt=\"\" width=\"225\" height=\"300\" srcset=\"https:\/\/www.las-stik.si\/programsko-obdobje-2014-2020\/wp-content\/uploads\/2021\/06\/kmetija-kalar-oblak-225x300.jpg 225w, https:\/\/www.las-stik.si\/programsko-obdobje-2014-2020\/wp-content\/uploads\/2021\/06\/kmetija-kalar-oblak-768x1024.jpg 768w, https:\/\/www.las-stik.si\/programsko-obdobje-2014-2020\/wp-content\/uploads\/2021\/06\/kmetija-kalar-oblak-113x150.jpg 113w, https:\/\/www.las-stik.si\/programsko-obdobje-2014-2020\/wp-content\/uploads\/2021\/06\/kmetija-kalar-oblak-1152x1536.jpg 1152w, https:\/\/www.las-stik.si\/programsko-obdobje-2014-2020\/wp-content\/uploads\/2021\/06\/kmetija-kalar-oblak-1536x2048.jpg 1536w, https:\/\/www.las-stik.si\/programsko-obdobje-2014-2020\/wp-content\/uploads\/2021\/06\/kmetija-kalar-oblak-scaled.jpg 1920w\" sizes=\"(max-width: 225px) 100vw, 225px\" \/> <img loading=\"lazy\" decoding=\"async\" class=\"alignnone size-medium wp-image-3634\" src=\"https:\/\/www.las-stik.si\/programsko-obdobje-2014-2020\/wp-content\/uploads\/2021\/06\/marjeta-simuniti-225x300.jpg\" alt=\"\" width=\"225\" height=\"300\" srcset=\"https:\/\/www.las-stik.si\/programsko-obdobje-2014-2020\/wp-content\/uploads\/2021\/06\/marjeta-simuniti-225x300.jpg 225w, https:\/\/www.las-stik.si\/programsko-obdobje-2014-2020\/wp-content\/uploads\/2021\/06\/marjeta-simuniti-768x1024.jpg 768w, https:\/\/www.las-stik.si\/programsko-obdobje-2014-2020\/wp-content\/uploads\/2021\/06\/marjeta-simuniti-113x150.jpg 113w, https:\/\/www.las-stik.si\/programsko-obdobje-2014-2020\/wp-content\/uploads\/2021\/06\/marjeta-simuniti-1152x1536.jpg 1152w, https:\/\/www.las-stik.si\/programsko-obdobje-2014-2020\/wp-content\/uploads\/2021\/06\/marjeta-simuniti-1536x2048.jpg 1536w, https:\/\/www.las-stik.si\/programsko-obdobje-2014-2020\/wp-content\/uploads\/2021\/06\/marjeta-simuniti-scaled.jpg 1920w\" sizes=\"(max-width: 225px) 100vw, 225px\" \/> <img loading=\"lazy\" decoding=\"async\" class=\"alignnone size-medium wp-image-3635\" src=\"https:\/\/www.las-stik.si\/programsko-obdobje-2014-2020\/wp-content\/uploads\/2021\/06\/Pinki-225x300.jpg\" alt=\"\" width=\"225\" height=\"300\" srcset=\"https:\/\/www.las-stik.si\/programsko-obdobje-2014-2020\/wp-content\/uploads\/2021\/06\/Pinki-225x300.jpg 225w, https:\/\/www.las-stik.si\/programsko-obdobje-2014-2020\/wp-content\/uploads\/2021\/06\/Pinki-768x1024.jpg 768w, https:\/\/www.las-stik.si\/programsko-obdobje-2014-2020\/wp-content\/uploads\/2021\/06\/Pinki-113x150.jpg 113w, https:\/\/www.las-stik.si\/programsko-obdobje-2014-2020\/wp-content\/uploads\/2021\/06\/Pinki-1152x1536.jpg 1152w, https:\/\/www.las-stik.si\/programsko-obdobje-2014-2020\/wp-content\/uploads\/2021\/06\/Pinki-1536x2048.jpg 1536w, https:\/\/www.las-stik.si\/programsko-obdobje-2014-2020\/wp-content\/uploads\/2021\/06\/Pinki-scaled.jpg 1920w\" sizes=\"(max-width: 225px) 100vw, 225px\" \/><\/p>\n","protected":false},"excerpt":{"rendered":"<p>V \u010detrtek, 20. 5. 2021, je Zavod Prijetno doma\u010de v okviru projekta Razvoj in vzpostavitev sistema tr\u017eenja enostavnih in integralnih turisti\u010dnih produktov (RAST) izvedel Zbor turisti\u010dnih in gostinskih ponudnikov z dr. Janezom Bogatajem. Tema predavanja je bila gastronomija in kulinarika obmo\u010dja, ki je pomembna sestavina celotne turisti\u010dne ponudbe Slovenija je leto\u0161njem letu razgla\u0161ena kot Evropska&hellip;<\/p>\n","protected":false},"author":2,"featured_media":0,"comment_status":"closed","ping_status":"closed","sticky":false,"template":"","format":"standard","meta":{"footnotes":""},"categories":[33],"tags":[],"_links":{"self":[{"href":"https:\/\/www.las-stik.si\/programsko-obdobje-2014-2020\/wp-json\/wp\/v2\/posts\/3637"}],"collection":[{"href":"https:\/\/www.las-stik.si\/programsko-obdobje-2014-2020\/wp-json\/wp\/v2\/posts"}],"about":[{"href":"https:\/\/www.las-stik.si\/programsko-obdobje-2014-2020\/wp-json\/wp\/v2\/types\/post"}],"author":[{"embeddable":true,"href":"https:\/\/www.las-stik.si\/programsko-obdobje-2014-2020\/wp-json\/wp\/v2\/users\/2"}],"replies":[{"embeddable":true,"href":"https:\/\/www.las-stik.si\/programsko-obdobje-2014-2020\/wp-json\/wp\/v2\/comments?post=3637"}],"version-history":[{"count":0,"href":"https:\/\/www.las-stik.si\/programsko-obdobje-2014-2020\/wp-json\/wp\/v2\/posts\/3637\/revisions"}],"wp:attachment":[{"href":"https:\/\/www.las-stik.si\/programsko-obdobje-2014-2020\/wp-json\/wp\/v2\/media?parent=3637"}],"wp:term":[{"taxonomy":"category","embeddable":true,"href":"https:\/\/www.las-stik.si\/programsko-obdobje-2014-2020\/wp-json\/wp\/v2\/categories?post=3637"},{"taxonomy":"post_tag","embeddable":true,"href":"https:\/\/www.las-stik.si\/programsko-obdobje-2014-2020\/wp-json\/wp\/v2\/tags?post=3637"}],"curies":[{"name":"wp","href":"https:\/\/api.w.org\/{rel}","templated":true}]}}