{"id":3650,"date":"2021-07-09T09:33:59","date_gmt":"2021-07-09T07:33:59","guid":{"rendered":"https:\/\/www.las-stik.si\/programsko-obdobje-2014-2020\/?p=3650"},"modified":"2021-07-14T09:45:34","modified_gmt":"2021-07-14T07:45:34","slug":"zacetek-javne-razprave-o-predlogu-strateskega-nacrta-skupne-kmetijske-politike","status":"publish","type":"post","link":"https:\/\/www.las-stik.si\/programsko-obdobje-2014-2020\/novice\/zacetek-javne-razprave-o-predlogu-strateskega-nacrta-skupne-kmetijske-politike\/","title":{"rendered":"Za\u010detek javne razprave o predlogu Strate\u0161kega na\u010drta skupne kmetijske politike"},"content":{"rendered":"<table width=\"100%\">\n<tbody>\n<tr>\n<td>Ministrstvo za kmetijstvo, gozdarstvo in prehrano je v petek, 2. 7. 2021, objavilo predlog Strate\u0161kega na\u010drta Skupne kmetijske politike Republike Slovenije za obdobje 2023\u20132027, s \u010dimer se za\u010denja javna razprava, ki bo trajala do <strong>15. 8. 2021<\/strong>.<\/td>\n<\/tr>\n<\/tbody>\n<\/table>\n<table width=\"100%\">\n<tbody>\n<tr>\n<td>Pripombe in predloge na strate\u0161ki na\u010drt lahko po\u0161ljete na elektronsko naslov <a href=\"https:\/\/skp.si?mailpoet_router&amp;endpoint=track&amp;action=click&amp;data=WzE1NjIsIjE0cGhkcnY4MHg1dzRnbzQwbzgwazB3NHdzOHM4bzA0IiwiNyIsIjljMGIzZGViYTMzYiIsZmFsc2Vd\">sn.mkgp@gov.si<\/a> ali preko <a href=\"https:\/\/skp.si?mailpoet_router&amp;endpoint=track&amp;action=click&amp;data=WzE1NjIsIjE0cGhkcnY4MHg1dzRnbzQwbzgwazB3NHdzOHM4bzA0IiwiNyIsImU4MmM1NGU4NmMwNyIsZmFsc2Vd\">spletnega obrazca<\/a> do 15. 8. 2021.<\/td>\n<\/tr>\n<\/tbody>\n<\/table>\n<table width=\"100%\">\n<tbody>\n<tr>\n<td>V okviru javne razprave bo ministrstvo organiziralo ve\u010d javnih posvetovanj, na katere ste vabljeni vsi zainteresirani:<\/td>\n<\/tr>\n<\/tbody>\n<\/table>\n<table width=\"100%\">\n<tbody>\n<tr>\n<td>14. 7. 2021: Celje (Kongresni center Celje, De\u010dkova cesta 1, 3000 Celje); hkrati neposredni prenos preko spleta (<a href=\"https:\/\/www.youtube.com\/channel\/UCRsaEjCeKkZ5Hso5FaPuonA\" target=\"_blank\" rel=\"noopener\">https:\/\/www.youtube.com\/channel\/UCRsaEjCeKkZ5Hso5FaPuonA<\/a>)<br \/>\n16. 7. 2021: Postojna (Kulturni dom Postojna, Gregor\u010di\u010dev drevored 2a, 6230 Postojna)<br \/>\n19. 7. 2021: Moravske Toplice (Terme Vivat, Ulica ob igri\u0161\u010du 3, 9226 Moravske Toplice)<br \/>\n20. 7. 2021: Novo mesto (GRM Novo mesto, Sevno 13, 8000 Novo mesto)<br \/>\n21. 7. 2021: Cerklje na Gorenjskem (Kulturni dom Ignacija Bor\u0161tnika, Trg Davorina Jenka 12, 4207 Cerklje na Gorenjskem)<br \/>\n22. 7. 2021: Ljubljana (Biotehni\u0161ka fakulteta, Jamnikarjeva ulica 101, 1000 Ljubljana)<\/td>\n<\/tr>\n<\/tbody>\n<\/table>\n<table width=\"100%\">\n<tbody>\n<tr>\n<td>Za udele\u017ebo na javnih posvetovanj je potrebna <a href=\"https:\/\/skp.si?mailpoet_router&amp;endpoint=track&amp;action=click&amp;data=WzE1NjIsIjE0cGhkcnY4MHg1dzRnbzQwbzgwazB3NHdzOHM4bzA0IiwiNyIsIjkzYmY2YmI2YjY4YyIsZmFsc2Vd\">prijava<\/a>.<\/td>\n<\/tr>\n<\/tbody>\n<\/table>\n<table width=\"100%\">\n<tbody>\n<tr>\n<td><a href=\"https:\/\/skp.si?mailpoet_router&amp;endpoint=track&amp;action=click&amp;data=WzE1NjIsIjE0cGhkcnY4MHg1dzRnbzQwbzgwazB3NHdzOHM4bzA0IiwiNyIsIjgwNDIyZjFkNjM4OSIsZmFsc2Vd\">Predlog Strate\u0161kega na\u010drta SKP<\/a><\/td>\n<\/tr>\n<\/tbody>\n<\/table>\n<table width=\"100%\">\n<tbody>\n<tr>\n<td><a href=\"https:\/\/skp.si?mailpoet_router&amp;endpoint=track&amp;action=click&amp;data=WzE1NjIsIjE0cGhkcnY4MHg1dzRnbzQwbzgwazB3NHdzOHM4bzA0IiwiNyIsIjU1OTM1NDQ5NWI3MCIsZmFsc2Vd\">Ve\u010d o javni razpravi<\/a><\/td>\n<\/tr>\n<\/tbody>\n<\/table>\n","protected":false},"excerpt":{"rendered":"<p>Ministrstvo za kmetijstvo, gozdarstvo in prehrano je v petek, 2. 7. 2021, objavilo predlog Strate\u0161kega na\u010drta Skupne kmetijske politike Republike Slovenije za obdobje 2023\u20132027, s \u010dimer se za\u010denja javna razprava, ki bo trajala do 15. 8. 2021. Pripombe in predloge na strate\u0161ki na\u010drt lahko po\u0161ljete na elektronsko naslov sn.mkgp@gov.si ali preko spletnega obrazca do 15.&hellip;<\/p>\n","protected":false},"author":2,"featured_media":0,"comment_status":"closed","ping_status":"closed","sticky":false,"template":"","format":"standard","meta":{"footnotes":""},"categories":[33],"tags":[],"_links":{"self":[{"href":"https:\/\/www.las-stik.si\/programsko-obdobje-2014-2020\/wp-json\/wp\/v2\/posts\/3650"}],"collection":[{"href":"https:\/\/www.las-stik.si\/programsko-obdobje-2014-2020\/wp-json\/wp\/v2\/posts"}],"about":[{"href":"https:\/\/www.las-stik.si\/programsko-obdobje-2014-2020\/wp-json\/wp\/v2\/types\/post"}],"author":[{"embeddable":true,"href":"https:\/\/www.las-stik.si\/programsko-obdobje-2014-2020\/wp-json\/wp\/v2\/users\/2"}],"replies":[{"embeddable":true,"href":"https:\/\/www.las-stik.si\/programsko-obdobje-2014-2020\/wp-json\/wp\/v2\/comments?post=3650"}],"version-history":[{"count":0,"href":"https:\/\/www.las-stik.si\/programsko-obdobje-2014-2020\/wp-json\/wp\/v2\/posts\/3650\/revisions"}],"wp:attachment":[{"href":"https:\/\/www.las-stik.si\/programsko-obdobje-2014-2020\/wp-json\/wp\/v2\/media?parent=3650"}],"wp:term":[{"taxonomy":"category","embeddable":true,"href":"https:\/\/www.las-stik.si\/programsko-obdobje-2014-2020\/wp-json\/wp\/v2\/categories?post=3650"},{"taxonomy":"post_tag","embeddable":true,"href":"https:\/\/www.las-stik.si\/programsko-obdobje-2014-2020\/wp-json\/wp\/v2\/tags?post=3650"}],"curies":[{"name":"wp","href":"https:\/\/api.w.org\/{rel}","templated":true}]}}