{"id":3728,"date":"2022-02-21T12:42:52","date_gmt":"2022-02-21T11:42:52","guid":{"rendered":"https:\/\/www.las-stik.si\/programsko-obdobje-2014-2020\/?p=3728"},"modified":"2022-02-21T12:42:52","modified_gmt":"2022-02-21T11:42:52","slug":"temeljni-postopki-ozivljanja-in-uporaba-aed-aparata","status":"publish","type":"post","link":"https:\/\/www.las-stik.si\/programsko-obdobje-2014-2020\/novice\/temeljni-postopki-ozivljanja-in-uporaba-aed-aparata\/","title":{"rendered":"Temeljni postopki o\u017eivljanja in uporaba AED aparata"},"content":{"rendered":"<p><img loading=\"lazy\" decoding=\"async\" class=\"wp-image-3680 alignleft\" src=\"https:\/\/www.las-stik.si\/programsko-obdobje-2014-2020\/wp-content\/uploads\/2022\/01\/Za-varni-JU3-barvni-300x230.png\" alt=\"\" width=\"163\" height=\"125\" srcset=\"https:\/\/www.las-stik.si\/programsko-obdobje-2014-2020\/wp-content\/uploads\/2022\/01\/Za-varni-JU3-barvni-300x230.png 300w, https:\/\/www.las-stik.si\/programsko-obdobje-2014-2020\/wp-content\/uploads\/2022\/01\/Za-varni-JU3-barvni-150x115.png 150w, https:\/\/www.las-stik.si\/programsko-obdobje-2014-2020\/wp-content\/uploads\/2022\/01\/Za-varni-JU3-barvni-768x588.png 768w, https:\/\/www.las-stik.si\/programsko-obdobje-2014-2020\/wp-content\/uploads\/2022\/01\/Za-varni-JU3-barvni.png 969w\" sizes=\"(max-width: 163px) 100vw, 163px\" \/><\/p>\n<p>&nbsp;<\/p>\n<p>Meseca oktobra 2021 smo pri\u010deli z izvajanjem projekta sodelovanja SKUPAJ ZA VARNI JUTRI. Projekt izvajamo skupaj s \u0161tirimi slovenskimi LASi, na obmo\u010dju LAS STIK sodelujeta Ob\u010dina Ivan\u010dna Gorica in Ob\u010dina Trebnje. Ve\u010d o projektu najdete <a href=\"https:\/\/www.las-stik.si\/programsko-obdobje-2014-2020\/projekti\/skupaj-za-varni-jutr\/\" target=\"_blank\" rel=\"noopener\">TUKAJ<\/a>.<\/p>\n<p>V okviru projekta se je oblikovala skupina strokovnjakov z vseh sodelujo\u010dih obmo\u010dij, ki sodelujejo pri izvedbi aktivnosti projekta Skupaj za varni jutri, svoje znanje delijo tudi na terenu na vklju\u010denih obmo\u010djih tam, kjer je to potrebno. S tem namenom so posneli promocijski videoposnetek, v katerem prika\u017eejo temeljne postopke o\u017eivljanja in uporabo AED aparata.<\/p>\n<p>&nbsp;<\/p>\n<p style=\"text-align: center;\">PREDSTAVITVENI FILM: <a href=\"https:\/\/www.youtube.com\/watch?v=v3JPxUcMf-w\" target=\"_blank\" rel=\"noopener\">TEMELJNI POSTOPKI O\u017dIVLJANJA IN UPORABA DEFIBRILATORJA<\/a><\/p>\n<p>&nbsp;<\/p>\n<p><img loading=\"lazy\" decoding=\"async\" class=\"size-medium wp-image-3681 aligncenter\" src=\"https:\/\/www.las-stik.si\/programsko-obdobje-2014-2020\/wp-content\/uploads\/2022\/01\/PRP-LEADER-EU-SLO-barvni-300x74.jpg\" alt=\"\" width=\"300\" height=\"74\" srcset=\"https:\/\/www.las-stik.si\/programsko-obdobje-2014-2020\/wp-content\/uploads\/2022\/01\/PRP-LEADER-EU-SLO-barvni-300x74.jpg 300w, https:\/\/www.las-stik.si\/programsko-obdobje-2014-2020\/wp-content\/uploads\/2022\/01\/PRP-LEADER-EU-SLO-barvni-1024x253.jpg 1024w, https:\/\/www.las-stik.si\/programsko-obdobje-2014-2020\/wp-content\/uploads\/2022\/01\/PRP-LEADER-EU-SLO-barvni-150x37.jpg 150w, https:\/\/www.las-stik.si\/programsko-obdobje-2014-2020\/wp-content\/uploads\/2022\/01\/PRP-LEADER-EU-SLO-barvni-768x190.jpg 768w, https:\/\/www.las-stik.si\/programsko-obdobje-2014-2020\/wp-content\/uploads\/2022\/01\/PRP-LEADER-EU-SLO-barvni-1536x380.jpg 1536w, https:\/\/www.las-stik.si\/programsko-obdobje-2014-2020\/wp-content\/uploads\/2022\/01\/PRP-LEADER-EU-SLO-barvni-2048x507.jpg 2048w\" sizes=\"(max-width: 300px) 100vw, 300px\" \/><\/p>\n","protected":false},"excerpt":{"rendered":"<p>&nbsp; Meseca oktobra 2021 smo pri\u010deli z izvajanjem projekta sodelovanja SKUPAJ ZA VARNI JUTRI. Projekt izvajamo skupaj s \u0161tirimi slovenskimi LASi, na obmo\u010dju LAS STIK sodelujeta Ob\u010dina Ivan\u010dna Gorica in Ob\u010dina Trebnje. Ve\u010d o projektu najdete TUKAJ. V okviru projekta se je oblikovala skupina strokovnjakov z vseh sodelujo\u010dih obmo\u010dij, ki sodelujejo pri izvedbi aktivnosti projekta&hellip;<\/p>\n","protected":false},"author":2,"featured_media":0,"comment_status":"closed","ping_status":"closed","sticky":false,"template":"","format":"standard","meta":{"footnotes":""},"categories":[33],"tags":[],"_links":{"self":[{"href":"https:\/\/www.las-stik.si\/programsko-obdobje-2014-2020\/wp-json\/wp\/v2\/posts\/3728"}],"collection":[{"href":"https:\/\/www.las-stik.si\/programsko-obdobje-2014-2020\/wp-json\/wp\/v2\/posts"}],"about":[{"href":"https:\/\/www.las-stik.si\/programsko-obdobje-2014-2020\/wp-json\/wp\/v2\/types\/post"}],"author":[{"embeddable":true,"href":"https:\/\/www.las-stik.si\/programsko-obdobje-2014-2020\/wp-json\/wp\/v2\/users\/2"}],"replies":[{"embeddable":true,"href":"https:\/\/www.las-stik.si\/programsko-obdobje-2014-2020\/wp-json\/wp\/v2\/comments?post=3728"}],"version-history":[{"count":0,"href":"https:\/\/www.las-stik.si\/programsko-obdobje-2014-2020\/wp-json\/wp\/v2\/posts\/3728\/revisions"}],"wp:attachment":[{"href":"https:\/\/www.las-stik.si\/programsko-obdobje-2014-2020\/wp-json\/wp\/v2\/media?parent=3728"}],"wp:term":[{"taxonomy":"category","embeddable":true,"href":"https:\/\/www.las-stik.si\/programsko-obdobje-2014-2020\/wp-json\/wp\/v2\/categories?post=3728"},{"taxonomy":"post_tag","embeddable":true,"href":"https:\/\/www.las-stik.si\/programsko-obdobje-2014-2020\/wp-json\/wp\/v2\/tags?post=3728"}],"curies":[{"name":"wp","href":"https:\/\/api.w.org\/{rel}","templated":true}]}}