{"id":3734,"date":"2022-03-02T11:41:04","date_gmt":"2022-03-02T10:41:04","guid":{"rendered":"https:\/\/www.las-stik.si\/programsko-obdobje-2014-2020\/?p=3734"},"modified":"2022-03-02T11:43:00","modified_gmt":"2022-03-02T10:43:00","slug":"natecaj-za-tradicionalni-dolenjski-kuharski-recept","status":"publish","type":"post","link":"https:\/\/www.las-stik.si\/programsko-obdobje-2014-2020\/novice\/natecaj-za-tradicionalni-dolenjski-kuharski-recept\/","title":{"rendered":"Nate\u010daj za tradicionalni dolenjski kuharski recept"},"content":{"rendered":"<p>Knji\u017enica Pavla Golie Trebnje, v okviru projekta <a href=\"https:\/\/www.tre.sik.si\/2022\/01\/20\/start-projekta-sredisce-gastronomije-dolenjske\/\" target=\"_blank\" rel=\"noopener\">Raziskovanje in obujanje kulinari\u010dne dedi\u0161\u010dine Dolenjske akronim Sredi\u0161\u010de gastronomije Dolenjske<\/a>, vabi k sodelovanju na nate\u010daju za tradicionalni dolenjski kuharski recept.<\/p>\n<p><a href=\"https:\/\/www.tre.sik.si\/2022\/03\/01\/natecaj-za-tradicionalni-dolenjski-kuharski-recept\/\" target=\"_blank\" rel=\"noopener\"><img loading=\"lazy\" decoding=\"async\" class=\"alignleft wp-image-3735\" src=\"https:\/\/www.las-stik.si\/programsko-obdobje-2014-2020\/wp-content\/uploads\/2022\/03\/1-ZBIRANJE-DOLENJSKIH-RECEPTOV-logo-212x300.jpg\" alt=\"\" width=\"350\" height=\"495\" srcset=\"https:\/\/www.las-stik.si\/programsko-obdobje-2014-2020\/wp-content\/uploads\/2022\/03\/1-ZBIRANJE-DOLENJSKIH-RECEPTOV-logo-212x300.jpg 212w, https:\/\/www.las-stik.si\/programsko-obdobje-2014-2020\/wp-content\/uploads\/2022\/03\/1-ZBIRANJE-DOLENJSKIH-RECEPTOV-logo-724x1024.jpg 724w, https:\/\/www.las-stik.si\/programsko-obdobje-2014-2020\/wp-content\/uploads\/2022\/03\/1-ZBIRANJE-DOLENJSKIH-RECEPTOV-logo-106x150.jpg 106w, https:\/\/www.las-stik.si\/programsko-obdobje-2014-2020\/wp-content\/uploads\/2022\/03\/1-ZBIRANJE-DOLENJSKIH-RECEPTOV-logo-768x1086.jpg 768w, https:\/\/www.las-stik.si\/programsko-obdobje-2014-2020\/wp-content\/uploads\/2022\/03\/1-ZBIRANJE-DOLENJSKIH-RECEPTOV-logo-1086x1536.jpg 1086w, https:\/\/www.las-stik.si\/programsko-obdobje-2014-2020\/wp-content\/uploads\/2022\/03\/1-ZBIRANJE-DOLENJSKIH-RECEPTOV-logo.jpg 1414w\" sizes=\"(max-width: 350px) 100vw, 350px\" \/><\/a> \u00a0\u00a0\u00a0\u00a0\u00a0 <a href=\"https:\/\/www.tre.sik.si\/2022\/03\/01\/natecaj-za-tradicionalni-dolenjski-kuharski-recept\/\" target=\"_blank\" rel=\"noopener\"><img loading=\"lazy\" decoding=\"async\" class=\"wp-image-3736 alignleft\" src=\"https:\/\/www.las-stik.si\/programsko-obdobje-2014-2020\/wp-content\/uploads\/2022\/03\/2-ZBIRANJE-DOLENJSKIH-RECEPTOV-logo-724x1024.jpg\" alt=\"\" width=\"350\" height=\"495\" srcset=\"https:\/\/www.las-stik.si\/programsko-obdobje-2014-2020\/wp-content\/uploads\/2022\/03\/2-ZBIRANJE-DOLENJSKIH-RECEPTOV-logo-724x1024.jpg 724w, https:\/\/www.las-stik.si\/programsko-obdobje-2014-2020\/wp-content\/uploads\/2022\/03\/2-ZBIRANJE-DOLENJSKIH-RECEPTOV-logo-212x300.jpg 212w, https:\/\/www.las-stik.si\/programsko-obdobje-2014-2020\/wp-content\/uploads\/2022\/03\/2-ZBIRANJE-DOLENJSKIH-RECEPTOV-logo-106x150.jpg 106w, https:\/\/www.las-stik.si\/programsko-obdobje-2014-2020\/wp-content\/uploads\/2022\/03\/2-ZBIRANJE-DOLENJSKIH-RECEPTOV-logo-768x1086.jpg 768w, https:\/\/www.las-stik.si\/programsko-obdobje-2014-2020\/wp-content\/uploads\/2022\/03\/2-ZBIRANJE-DOLENJSKIH-RECEPTOV-logo-1086x1536.jpg 1086w, https:\/\/www.las-stik.si\/programsko-obdobje-2014-2020\/wp-content\/uploads\/2022\/03\/2-ZBIRANJE-DOLENJSKIH-RECEPTOV-logo.jpg 1414w\" sizes=\"(max-width: 350px) 100vw, 350px\" \/><\/a><\/p>\n","protected":false},"excerpt":{"rendered":"<p>Knji\u017enica Pavla Golie Trebnje, v okviru projekta Raziskovanje in obujanje kulinari\u010dne dedi\u0161\u010dine Dolenjske akronim Sredi\u0161\u010de gastronomije Dolenjske, vabi k sodelovanju na nate\u010daju za tradicionalni dolenjski kuharski recept. \u00a0\u00a0\u00a0\u00a0\u00a0<\/p>\n","protected":false},"author":2,"featured_media":0,"comment_status":"closed","ping_status":"closed","sticky":false,"template":"","format":"standard","meta":{"footnotes":""},"categories":[33],"tags":[],"_links":{"self":[{"href":"https:\/\/www.las-stik.si\/programsko-obdobje-2014-2020\/wp-json\/wp\/v2\/posts\/3734"}],"collection":[{"href":"https:\/\/www.las-stik.si\/programsko-obdobje-2014-2020\/wp-json\/wp\/v2\/posts"}],"about":[{"href":"https:\/\/www.las-stik.si\/programsko-obdobje-2014-2020\/wp-json\/wp\/v2\/types\/post"}],"author":[{"embeddable":true,"href":"https:\/\/www.las-stik.si\/programsko-obdobje-2014-2020\/wp-json\/wp\/v2\/users\/2"}],"replies":[{"embeddable":true,"href":"https:\/\/www.las-stik.si\/programsko-obdobje-2014-2020\/wp-json\/wp\/v2\/comments?post=3734"}],"version-history":[{"count":0,"href":"https:\/\/www.las-stik.si\/programsko-obdobje-2014-2020\/wp-json\/wp\/v2\/posts\/3734\/revisions"}],"wp:attachment":[{"href":"https:\/\/www.las-stik.si\/programsko-obdobje-2014-2020\/wp-json\/wp\/v2\/media?parent=3734"}],"wp:term":[{"taxonomy":"category","embeddable":true,"href":"https:\/\/www.las-stik.si\/programsko-obdobje-2014-2020\/wp-json\/wp\/v2\/categories?post=3734"},{"taxonomy":"post_tag","embeddable":true,"href":"https:\/\/www.las-stik.si\/programsko-obdobje-2014-2020\/wp-json\/wp\/v2\/tags?post=3734"}],"curies":[{"name":"wp","href":"https:\/\/api.w.org\/{rel}","templated":true}]}}