{"id":3747,"date":"2022-03-11T08:31:15","date_gmt":"2022-03-11T07:31:15","guid":{"rendered":"https:\/\/www.las-stik.si\/programsko-obdobje-2014-2020\/?p=3747"},"modified":"2022-03-11T08:31:15","modified_gmt":"2022-03-11T07:31:15","slug":"zbor-clanov-drsp-in-posvet-las","status":"publish","type":"post","link":"https:\/\/www.las-stik.si\/programsko-obdobje-2014-2020\/novice\/zbor-clanov-drsp-in-posvet-las\/","title":{"rendered":"Zbor \u010dlanov DRSP in Posvet LAS"},"content":{"rendered":"<p>V sredo 9. 3. 2022 je v dvorani Kulturnega centra Ko\u010devje potekal <a href=\"http:\/\/www.drustvo-podezelje.si\/novice\/item\/1159-zbor-clanov-in-volitve-v-organe-drsp-2022-2026\" target=\"_blank\" rel=\"noopener\">17. redni zbor \u010dlanov Dru\u0161tva za razvoj slovenskega pode\u017eelja<\/a>. Pregledali smo delo preteklega leta in na\u010drte za naprej ter izvolili novo vodstvo dru\u0161tva. Za novega predsednika je bil izvoljen Roman Medved. V popoldanskem delu je potekal Posvet LAS, ki je bil namenjen razpravi o izvajanju programa LEADER\/CLLD v programskem obdobju 2022-2027 in predstavitvi dobrih praks na obmo\u010dju <a href=\"http:\/\/las-ppd.si\/\" target=\"_blank\" rel=\"noopener\">LAS po poteh dedi\u0161\u010dine od Turjaka do Kolpe<\/a>.<\/p>\n","protected":false},"excerpt":{"rendered":"<p>V sredo 9. 3. 2022 je v dvorani Kulturnega centra Ko\u010devje potekal 17. redni zbor \u010dlanov Dru\u0161tva za razvoj slovenskega pode\u017eelja. Pregledali smo delo preteklega leta in na\u010drte za naprej ter izvolili novo vodstvo dru\u0161tva. Za novega predsednika je bil izvoljen Roman Medved. V popoldanskem delu je potekal Posvet LAS, ki je bil namenjen razpravi&hellip;<\/p>\n","protected":false},"author":2,"featured_media":0,"comment_status":"closed","ping_status":"closed","sticky":false,"template":"","format":"standard","meta":{"footnotes":""},"categories":[33],"tags":[],"_links":{"self":[{"href":"https:\/\/www.las-stik.si\/programsko-obdobje-2014-2020\/wp-json\/wp\/v2\/posts\/3747"}],"collection":[{"href":"https:\/\/www.las-stik.si\/programsko-obdobje-2014-2020\/wp-json\/wp\/v2\/posts"}],"about":[{"href":"https:\/\/www.las-stik.si\/programsko-obdobje-2014-2020\/wp-json\/wp\/v2\/types\/post"}],"author":[{"embeddable":true,"href":"https:\/\/www.las-stik.si\/programsko-obdobje-2014-2020\/wp-json\/wp\/v2\/users\/2"}],"replies":[{"embeddable":true,"href":"https:\/\/www.las-stik.si\/programsko-obdobje-2014-2020\/wp-json\/wp\/v2\/comments?post=3747"}],"version-history":[{"count":0,"href":"https:\/\/www.las-stik.si\/programsko-obdobje-2014-2020\/wp-json\/wp\/v2\/posts\/3747\/revisions"}],"wp:attachment":[{"href":"https:\/\/www.las-stik.si\/programsko-obdobje-2014-2020\/wp-json\/wp\/v2\/media?parent=3747"}],"wp:term":[{"taxonomy":"category","embeddable":true,"href":"https:\/\/www.las-stik.si\/programsko-obdobje-2014-2020\/wp-json\/wp\/v2\/categories?post=3747"},{"taxonomy":"post_tag","embeddable":true,"href":"https:\/\/www.las-stik.si\/programsko-obdobje-2014-2020\/wp-json\/wp\/v2\/tags?post=3747"}],"curies":[{"name":"wp","href":"https:\/\/api.w.org\/{rel}","templated":true}]}}