{"id":3763,"date":"2022-04-01T15:42:38","date_gmt":"2022-04-01T13:42:38","guid":{"rendered":"https:\/\/www.las-stik.si\/programsko-obdobje-2014-2020\/?p=3763"},"modified":"2022-04-06T15:49:29","modified_gmt":"2022-04-06T13:49:29","slug":"delovni-obisk-drzavnega-sekretarja-antona-hareja","status":"publish","type":"post","link":"https:\/\/www.las-stik.si\/programsko-obdobje-2014-2020\/novice\/delovni-obisk-drzavnega-sekretarja-antona-hareja\/","title":{"rendered":"Delovni obisk dr\u017eavnega sekretarja Antona Hareja"},"content":{"rendered":"<p><strong>V sklopu delovnega obiska Vlade v ju\u017enem delu Osrednjeslovenske regije sta\u00a0 Ob\u010dino Ivan\u010dna Gorica obiskala Anton Harej, dr\u017eavni sekretar z Ministrstva za kmetijstvo, gozdarstvo in prehrano in vodja Medresorske delovne skupine CLLD 2021-2027 Alina Cunk Perkli\u010d. Tema obiska je bila seznanitev s primeri dobrih praks na podro\u010dju Lokalne akcijske skupine Suha krajine, Temenice in Krke &#8211; LAS STIK.<\/strong><\/p>\n<p>Dr\u017eavnega sekretarja in vodjo medresorske delovne skupine je sprejel pod\u017eupan Toma\u017e Smole, ki je poudaril dobro delovanje Lokalne akcijske skupine LAS STIK, v katero je vklju\u010dena tudi Ob\u010dina Ivan\u010dna Gorica. Dobro delovanje dokazuje vrsta uspe\u0161nih projektov, ki so se \u017ee izvedli ali pa se \u0161e izvajajo na obmo\u010dju LAS STIK. Podrobneje je delovanje Lokalne akcijske skupine LAS STIK predstavila Patricija Pavli\u010d, direktorica CIK Trebnje, vodilnega partnerja LAS STIK. Robert Slana, direktor podjetja Onsite d.o.o., je pa je v nadaljevanju predstavil projekt <em>\u00bbGozdna do\u017eivljajska u\u010dna pot s plezalno steno\u00ab,<\/em> ki je bil izbran na javnem pozivu LAS STIK in je sofinanciran iz sredstev Evropskega kmetijskega sklada za razvoj pode\u017eelja. V pogovoru z dr\u017eavnim sekretarjem je stekla izmenjava izku\u0161enj in predlogov.<\/p>\n<p>Ob zaklju\u010dku sta si dr\u017eavni sekretar in vodja medresorske delovne skupine ogledala Park Cukarca, katerega del so gozdna do\u017eivljajska u\u010dna pot in plezalni steni.<\/p>\n<p><img loading=\"lazy\" decoding=\"async\" class=\"alignnone size-medium wp-image-3764\" src=\"https:\/\/www.las-stik.si\/programsko-obdobje-2014-2020\/wp-content\/uploads\/2022\/04\/l_365293DSC_4247-300x200.jpg\" alt=\"\" width=\"300\" height=\"200\" srcset=\"https:\/\/www.las-stik.si\/programsko-obdobje-2014-2020\/wp-content\/uploads\/2022\/04\/l_365293DSC_4247-300x200.jpg 300w, https:\/\/www.las-stik.si\/programsko-obdobje-2014-2020\/wp-content\/uploads\/2022\/04\/l_365293DSC_4247-1024x684.jpg 1024w, https:\/\/www.las-stik.si\/programsko-obdobje-2014-2020\/wp-content\/uploads\/2022\/04\/l_365293DSC_4247-150x100.jpg 150w, https:\/\/www.las-stik.si\/programsko-obdobje-2014-2020\/wp-content\/uploads\/2022\/04\/l_365293DSC_4247-768x513.jpg 768w, https:\/\/www.las-stik.si\/programsko-obdobje-2014-2020\/wp-content\/uploads\/2022\/04\/l_365293DSC_4247.jpg 1200w\" sizes=\"(max-width: 300px) 100vw, 300px\" \/> \u00a0 <img loading=\"lazy\" decoding=\"async\" class=\"alignnone size-medium wp-image-3767\" src=\"https:\/\/www.las-stik.si\/programsko-obdobje-2014-2020\/wp-content\/uploads\/2022\/04\/l_365294DSC_4268-300x200.jpg\" alt=\"\" width=\"300\" height=\"200\" srcset=\"https:\/\/www.las-stik.si\/programsko-obdobje-2014-2020\/wp-content\/uploads\/2022\/04\/l_365294DSC_4268-300x200.jpg 300w, https:\/\/www.las-stik.si\/programsko-obdobje-2014-2020\/wp-content\/uploads\/2022\/04\/l_365294DSC_4268-1024x684.jpg 1024w, https:\/\/www.las-stik.si\/programsko-obdobje-2014-2020\/wp-content\/uploads\/2022\/04\/l_365294DSC_4268-150x100.jpg 150w, https:\/\/www.las-stik.si\/programsko-obdobje-2014-2020\/wp-content\/uploads\/2022\/04\/l_365294DSC_4268-768x513.jpg 768w, https:\/\/www.las-stik.si\/programsko-obdobje-2014-2020\/wp-content\/uploads\/2022\/04\/l_365294DSC_4268.jpg 1200w\" sizes=\"(max-width: 300px) 100vw, 300px\" \/> \u00a0 <img loading=\"lazy\" decoding=\"async\" class=\"alignnone size-medium wp-image-3765\" src=\"https:\/\/www.las-stik.si\/programsko-obdobje-2014-2020\/wp-content\/uploads\/2022\/04\/l_365298DSC_4309-300x200.jpg\" alt=\"\" width=\"300\" height=\"200\" srcset=\"https:\/\/www.las-stik.si\/programsko-obdobje-2014-2020\/wp-content\/uploads\/2022\/04\/l_365298DSC_4309-300x200.jpg 300w, https:\/\/www.las-stik.si\/programsko-obdobje-2014-2020\/wp-content\/uploads\/2022\/04\/l_365298DSC_4309-1024x684.jpg 1024w, https:\/\/www.las-stik.si\/programsko-obdobje-2014-2020\/wp-content\/uploads\/2022\/04\/l_365298DSC_4309-150x100.jpg 150w, https:\/\/www.las-stik.si\/programsko-obdobje-2014-2020\/wp-content\/uploads\/2022\/04\/l_365298DSC_4309-768x513.jpg 768w, https:\/\/www.las-stik.si\/programsko-obdobje-2014-2020\/wp-content\/uploads\/2022\/04\/l_365298DSC_4309.jpg 1200w\" sizes=\"(max-width: 300px) 100vw, 300px\" \/><\/p>\n","protected":false},"excerpt":{"rendered":"<p>V sklopu delovnega obiska Vlade v ju\u017enem delu Osrednjeslovenske regije sta\u00a0 Ob\u010dino Ivan\u010dna Gorica obiskala Anton Harej, dr\u017eavni sekretar z Ministrstva za kmetijstvo, gozdarstvo in prehrano in vodja Medresorske delovne skupine CLLD 2021-2027 Alina Cunk Perkli\u010d. Tema obiska je bila seznanitev s primeri dobrih praks na podro\u010dju Lokalne akcijske skupine Suha krajine, Temenice in Krke&hellip;<\/p>\n","protected":false},"author":2,"featured_media":0,"comment_status":"closed","ping_status":"closed","sticky":false,"template":"","format":"standard","meta":{"footnotes":""},"categories":[33],"tags":[],"_links":{"self":[{"href":"https:\/\/www.las-stik.si\/programsko-obdobje-2014-2020\/wp-json\/wp\/v2\/posts\/3763"}],"collection":[{"href":"https:\/\/www.las-stik.si\/programsko-obdobje-2014-2020\/wp-json\/wp\/v2\/posts"}],"about":[{"href":"https:\/\/www.las-stik.si\/programsko-obdobje-2014-2020\/wp-json\/wp\/v2\/types\/post"}],"author":[{"embeddable":true,"href":"https:\/\/www.las-stik.si\/programsko-obdobje-2014-2020\/wp-json\/wp\/v2\/users\/2"}],"replies":[{"embeddable":true,"href":"https:\/\/www.las-stik.si\/programsko-obdobje-2014-2020\/wp-json\/wp\/v2\/comments?post=3763"}],"version-history":[{"count":0,"href":"https:\/\/www.las-stik.si\/programsko-obdobje-2014-2020\/wp-json\/wp\/v2\/posts\/3763\/revisions"}],"wp:attachment":[{"href":"https:\/\/www.las-stik.si\/programsko-obdobje-2014-2020\/wp-json\/wp\/v2\/media?parent=3763"}],"wp:term":[{"taxonomy":"category","embeddable":true,"href":"https:\/\/www.las-stik.si\/programsko-obdobje-2014-2020\/wp-json\/wp\/v2\/categories?post=3763"},{"taxonomy":"post_tag","embeddable":true,"href":"https:\/\/www.las-stik.si\/programsko-obdobje-2014-2020\/wp-json\/wp\/v2\/tags?post=3763"}],"curies":[{"name":"wp","href":"https:\/\/api.w.org\/{rel}","templated":true}]}}