{"id":3775,"date":"2022-04-19T08:39:17","date_gmt":"2022-04-19T06:39:17","guid":{"rendered":"https:\/\/www.las-stik.si\/programsko-obdobje-2014-2020\/?p=3775"},"modified":"2022-04-20T08:50:47","modified_gmt":"2022-04-20T06:50:47","slug":"posvet-v-drzavnem-svetu-izvajanje-lokalnega-razvoja-ki-ga-vodi-skupnost-leader-clld-danes-in-jutri","status":"publish","type":"post","link":"https:\/\/www.las-stik.si\/programsko-obdobje-2014-2020\/novice\/posvet-v-drzavnem-svetu-izvajanje-lokalnega-razvoja-ki-ga-vodi-skupnost-leader-clld-danes-in-jutri\/","title":{"rendered":"Posvet v Dr\u017eavnem svetu: \u00bbIzvajanje lokalnega razvoja, ki ga vodi skupnost LEADER\/CLLD danes in jutri\u00ab"},"content":{"rendered":"<p>Na pobudo Dru\u0161tva za razvoj slovenskega pode\u017eelja in v dogovoru z Ministrstvom za kmetijstvo, gozdarstvo in prehrano ter Komisijo za lokalno samoupravo in regionalni razvoj pri Dr\u017eavnem svetu RS, bomo naslednji teden izvedli posvet na temo izvajanja programa LEADER\/CLLD. Namen posveta je, da ugotovimo napredek pri izvajanju LEADER\/CLLD v \u010dasu od zadnjega posveta v Dr\u017eavnem svetu v letu 2018, v zaklju\u010dkih pa predvidimo ukrepe in postopke za pospe\u0161itev \u010drpanja evropskih sredstev v programskem obdobju 2021\u20132027.<\/p>\n<p>Posvet bo potekal v sredo, 20. 4. 2022 \u00a0od 10. uri v dvorani Dr\u017eavnega sveta, \u0160ubi\u010deva 4, Ljubljana, vstop v dvorano pa je zaradi COVID pogojev omejen na vabljene posameznike. Posvet lahko vsi spremljate na daljavo preko povezave <a href=\"http:\/\/drzavnisvet.si\/\">http:\/\/drzavnisvet.si.<\/a><\/p>\n<p>Podrobneje v <a href=\"https:\/\/www.las-stik.si\/programsko-obdobje-2014-2020\/wp-content\/uploads\/2022\/04\/vabilo_izvajanje_lokalnega_razvoja_2_p.pdf\" target=\"_blank\" rel=\"noopener\">vabilu<\/a> in <a href=\"https:\/\/www.las-stik.si\/programsko-obdobje-2014-2020\/wp-content\/uploads\/2022\/04\/program_izvajanje_lokalnega_razvoja_20._4._2022.pdf\" target=\"_blank\" rel=\"noopener\">programu posveta<\/a>.<\/p>\n","protected":false},"excerpt":{"rendered":"<p>Na pobudo Dru\u0161tva za razvoj slovenskega pode\u017eelja in v dogovoru z Ministrstvom za kmetijstvo, gozdarstvo in prehrano ter Komisijo za lokalno samoupravo in regionalni razvoj pri Dr\u017eavnem svetu RS, bomo naslednji teden izvedli posvet na temo izvajanja programa LEADER\/CLLD. Namen posveta je, da ugotovimo napredek pri izvajanju LEADER\/CLLD v \u010dasu od zadnjega posveta v Dr\u017eavnem&hellip;<\/p>\n","protected":false},"author":2,"featured_media":0,"comment_status":"closed","ping_status":"closed","sticky":false,"template":"","format":"standard","meta":{"footnotes":""},"categories":[33],"tags":[],"_links":{"self":[{"href":"https:\/\/www.las-stik.si\/programsko-obdobje-2014-2020\/wp-json\/wp\/v2\/posts\/3775"}],"collection":[{"href":"https:\/\/www.las-stik.si\/programsko-obdobje-2014-2020\/wp-json\/wp\/v2\/posts"}],"about":[{"href":"https:\/\/www.las-stik.si\/programsko-obdobje-2014-2020\/wp-json\/wp\/v2\/types\/post"}],"author":[{"embeddable":true,"href":"https:\/\/www.las-stik.si\/programsko-obdobje-2014-2020\/wp-json\/wp\/v2\/users\/2"}],"replies":[{"embeddable":true,"href":"https:\/\/www.las-stik.si\/programsko-obdobje-2014-2020\/wp-json\/wp\/v2\/comments?post=3775"}],"version-history":[{"count":0,"href":"https:\/\/www.las-stik.si\/programsko-obdobje-2014-2020\/wp-json\/wp\/v2\/posts\/3775\/revisions"}],"wp:attachment":[{"href":"https:\/\/www.las-stik.si\/programsko-obdobje-2014-2020\/wp-json\/wp\/v2\/media?parent=3775"}],"wp:term":[{"taxonomy":"category","embeddable":true,"href":"https:\/\/www.las-stik.si\/programsko-obdobje-2014-2020\/wp-json\/wp\/v2\/categories?post=3775"},{"taxonomy":"post_tag","embeddable":true,"href":"https:\/\/www.las-stik.si\/programsko-obdobje-2014-2020\/wp-json\/wp\/v2\/tags?post=3775"}],"curies":[{"name":"wp","href":"https:\/\/api.w.org\/{rel}","templated":true}]}}