{"id":3781,"date":"2022-04-26T14:13:40","date_gmt":"2022-04-26T12:13:40","guid":{"rendered":"https:\/\/www.las-stik.si\/programsko-obdobje-2014-2020\/?p=3781"},"modified":"2022-04-26T14:13:40","modified_gmt":"2022-04-26T12:13:40","slug":"leader-za-mlade","status":"publish","type":"post","link":"https:\/\/www.las-stik.si\/programsko-obdobje-2014-2020\/novice\/leader-za-mlade\/","title":{"rendered":"LEADER ZA MLADE"},"content":{"rendered":"<p><strong>10. maja 2022 ob 10. uri<\/strong> bo potekal dogodek v sklopu evropskega leta mladih:<\/p>\n<p><strong>LEADER ZA MLADE<\/strong> \u00a0&#8211; PREDSTAVITEV PROJEKTOV ZA MLADE IZ PRISTOPA LEADER IN POVABILO MLADINSKIM ORGANIZACIJAM K VKLJU\u010cITVI V PRIPRAVO NOVIH STRATEGIJ LOKALNEGA RAZVOJA.<\/p>\n<p>Dogodek bo potekal v spletni obliki. Namenjen je mladim na pode\u017eelju &#8211; dru\u0161tvom mladih, mladinskim organizacijam &#8211; ki \u017eeljo prispevati k razvoju lokalnega obmo\u010dja, se povezovati z drugimi dele\u017eniki ter za svoje ideje i\u0161\u010dejo vire financiranja.<\/p>\n<p>Za udele\u017eence so pripravili:<br \/>\n&#8211; predstavitev pristopa LEADER.<br \/>\n&#8211; Predstavitev dobrih praks vklju\u010devanja mladih v lokalne akcijske skupe in izvedenih projektov za mlade.<br \/>\n&#8211; Predstavitev mo\u017enost vklju\u010devanja mladih v lokalne akcijske skupine ter v pripravo strategij lokalnega razvoja za programsko obdobje do 2027 &#8211; mo\u017enosti vklju\u010devanja mladih v projekte LEADER.<br \/>\n&#8211; Odgovore na vpra\u0161anja v zvezi s pristopom LEADER.<\/p>\n<p>Podrobnej\u0161e informacije in povezava sledijo &#8211; objavljeni bodo tudi na <a href=\"https:\/\/fb.me\/e\/1AxA03CML\"><strong>strani dogodka<\/strong><\/a>.<\/p>\n","protected":false},"excerpt":{"rendered":"<p>10. maja 2022 ob 10. uri bo potekal dogodek v sklopu evropskega leta mladih: LEADER ZA MLADE \u00a0&#8211; PREDSTAVITEV PROJEKTOV ZA MLADE IZ PRISTOPA LEADER IN POVABILO MLADINSKIM ORGANIZACIJAM K VKLJU\u010cITVI V PRIPRAVO NOVIH STRATEGIJ LOKALNEGA RAZVOJA. Dogodek bo potekal v spletni obliki. Namenjen je mladim na pode\u017eelju &#8211; dru\u0161tvom mladih, mladinskim organizacijam &#8211; ki&hellip;<\/p>\n","protected":false},"author":2,"featured_media":0,"comment_status":"closed","ping_status":"closed","sticky":false,"template":"","format":"standard","meta":{"footnotes":""},"categories":[33],"tags":[],"_links":{"self":[{"href":"https:\/\/www.las-stik.si\/programsko-obdobje-2014-2020\/wp-json\/wp\/v2\/posts\/3781"}],"collection":[{"href":"https:\/\/www.las-stik.si\/programsko-obdobje-2014-2020\/wp-json\/wp\/v2\/posts"}],"about":[{"href":"https:\/\/www.las-stik.si\/programsko-obdobje-2014-2020\/wp-json\/wp\/v2\/types\/post"}],"author":[{"embeddable":true,"href":"https:\/\/www.las-stik.si\/programsko-obdobje-2014-2020\/wp-json\/wp\/v2\/users\/2"}],"replies":[{"embeddable":true,"href":"https:\/\/www.las-stik.si\/programsko-obdobje-2014-2020\/wp-json\/wp\/v2\/comments?post=3781"}],"version-history":[{"count":0,"href":"https:\/\/www.las-stik.si\/programsko-obdobje-2014-2020\/wp-json\/wp\/v2\/posts\/3781\/revisions"}],"wp:attachment":[{"href":"https:\/\/www.las-stik.si\/programsko-obdobje-2014-2020\/wp-json\/wp\/v2\/media?parent=3781"}],"wp:term":[{"taxonomy":"category","embeddable":true,"href":"https:\/\/www.las-stik.si\/programsko-obdobje-2014-2020\/wp-json\/wp\/v2\/categories?post=3781"},{"taxonomy":"post_tag","embeddable":true,"href":"https:\/\/www.las-stik.si\/programsko-obdobje-2014-2020\/wp-json\/wp\/v2\/tags?post=3781"}],"curies":[{"name":"wp","href":"https:\/\/api.w.org\/{rel}","templated":true}]}}