{"id":3797,"date":"2022-05-20T10:09:33","date_gmt":"2022-05-20T08:09:33","guid":{"rendered":"https:\/\/www.las-stik.si\/programsko-obdobje-2014-2020\/?p=3797"},"modified":"2022-05-23T07:40:32","modified_gmt":"2022-05-23T05:40:32","slug":"vabilo-na-usposabljanja-temeljni-postopki-ozivljanja-in-uporaba-aed","status":"publish","type":"post","link":"https:\/\/www.las-stik.si\/programsko-obdobje-2014-2020\/novice\/vabilo-na-usposabljanja-temeljni-postopki-ozivljanja-in-uporaba-aed\/","title":{"rendered":"VABILO NA USPOSABLJANJA &#8211; TEMELJNI POSTOPKI O\u017dIVLJANJA IN UPORABA AED"},"content":{"rendered":"<p><img loading=\"lazy\" decoding=\"async\" class=\"wp-image-3680 aligncenter\" src=\"https:\/\/www.las-stik.si\/programsko-obdobje-2014-2020\/wp-content\/uploads\/2022\/01\/Za-varni-JU3-barvni-300x230.png\" alt=\"\" width=\"186\" height=\"143\" srcset=\"https:\/\/www.las-stik.si\/programsko-obdobje-2014-2020\/wp-content\/uploads\/2022\/01\/Za-varni-JU3-barvni-300x230.png 300w, https:\/\/www.las-stik.si\/programsko-obdobje-2014-2020\/wp-content\/uploads\/2022\/01\/Za-varni-JU3-barvni-150x115.png 150w, https:\/\/www.las-stik.si\/programsko-obdobje-2014-2020\/wp-content\/uploads\/2022\/01\/Za-varni-JU3-barvni-768x588.png 768w, https:\/\/www.las-stik.si\/programsko-obdobje-2014-2020\/wp-content\/uploads\/2022\/01\/Za-varni-JU3-barvni.png 969w\" sizes=\"(max-width: 186px) 100vw, 186px\" \/><\/p>\n<p>&nbsp;<\/p>\n<p style=\"text-align: center;\">S projektom sodelovanja <strong>\u00bbSkupaj za varni jutri\u00ab<\/strong> je pet Lokalnih akcijskih skupin iz Slovenije zdru\u017eilo svoje mo\u010di in skupaj z lokalnimi partnerji sodeluje pri \u0161irjenju in dopolnjevanju \u017ee obstoje\u010dih mre\u017e javno dostopnih AED aparatov.<\/p>\n<p style=\"text-align: center;\">S \u0161irjenjem mre\u017ee AED aparatov se pove\u010duje mo\u017enost, da bo avtomatski defibrilator dostopen takrat, ko bo na terenu nekdo do\u017eivel sr\u010dni zastoj. Seveda pa samo dostopen defibrilator sam po sebi \u0161e ni dovolj, prisotna mora biti tudi oseba, ki bo znala in si ga tudi upala uporabiti in s tem morda re\u0161iti \u017eivljenje.<\/p>\n<p style=\"text-align: center;\">Z izvajanjem delavnic o temeljnih postopkih o\u017eivljanja in uporabe AED \u017eelimo usposobiti \u010dim ve\u010d ljudi za hitro in u\u010dinkovito pomo\u010d ob sr\u010dnem zastoju.<\/p>\n<p style=\"text-align: center;\">Pridru\u017ei se tudi ti.<\/p>\n<p><img loading=\"lazy\" decoding=\"async\" class=\" wp-image-3800 aligncenter\" src=\"https:\/\/www.las-stik.si\/programsko-obdobje-2014-2020\/wp-content\/uploads\/2022\/05\/AED-300x134.png\" alt=\"\" width=\"143\" height=\"64\" srcset=\"https:\/\/www.las-stik.si\/programsko-obdobje-2014-2020\/wp-content\/uploads\/2022\/05\/AED-300x134.png 300w, https:\/\/www.las-stik.si\/programsko-obdobje-2014-2020\/wp-content\/uploads\/2022\/05\/AED-150x67.png 150w, https:\/\/www.las-stik.si\/programsko-obdobje-2014-2020\/wp-content\/uploads\/2022\/05\/AED.png 728w\" sizes=\"(max-width: 143px) 100vw, 143px\" \/><\/p>\n<p>&nbsp;<\/p>\n<table width=\"0\">\n<tbody>\n<tr>\n<td colspan=\"3\" width=\"501\"><strong>IVAN\u010cNA GORICA<\/strong><\/td>\n<\/tr>\n<tr>\n<td colspan=\"2\" width=\"189\">Kdaj<\/td>\n<td width=\"312\">Lokacija<\/td>\n<\/tr>\n<tr>\n<td width=\"95\">24. 5. 2022<\/td>\n<td width=\"94\">18.00-20.00<\/td>\n<td width=\"312\">OSNOVNA \u0160OLA ZAGRADEC<\/td>\n<\/tr>\n<tr>\n<td width=\"95\">25. 5. 2022<\/td>\n<td width=\"94\">18.00-20.00<\/td>\n<td width=\"312\">OSNOVNA \u0160OLA ZAGRADEC<\/td>\n<\/tr>\n<tr>\n<td width=\"95\">30. 5. 2022<\/td>\n<td width=\"94\">14.00-16.00<\/td>\n<td width=\"312\">SREDNJA \u0160OLA JOSIPA JUR\u010cI\u010cA IVAN\u010cNA GORICA<\/td>\n<\/tr>\n<tr>\n<td width=\"95\">31. 5. 2022<\/td>\n<td width=\"94\">14.00-16.00<\/td>\n<td width=\"312\">SREDNJA \u0160OLA JOSIPA JUR\u010cI\u010cA IVAN\u010cNA GORICA<\/td>\n<\/tr>\n<tr>\n<td width=\"95\">6. 6. 2022<\/td>\n<td width=\"94\">18.00-20.00<\/td>\n<td width=\"312\">PODRU\u017dNI\u010cNA \u0160OLA STI\u010cNA<\/td>\n<\/tr>\n<tr>\n<td width=\"95\">8. 6. 2022<\/td>\n<td width=\"94\">18.00-20.00<\/td>\n<td width=\"312\">PODRU\u017dNI\u010cNA \u0160OLA STI\u010cNA<\/td>\n<\/tr>\n<tr>\n<td width=\"95\">20. 6. 2022<\/td>\n<td width=\"94\">18.00-20.00<\/td>\n<td width=\"312\">KULTURNI DOM IVAN\u010cNA GORICA<\/td>\n<\/tr>\n<tr>\n<td width=\"95\">14. 6. 2022<\/td>\n<td width=\"94\">18.00-20.00<\/td>\n<td width=\"312\">HI\u0160A KRANJSKE \u010cEBELE, VI\u0160NJA GORA<\/td>\n<\/tr>\n<tr>\n<td width=\"95\">15. 6. 2022<\/td>\n<td width=\"94\">18.00-20.00<\/td>\n<td width=\"312\">HI\u0160A KRANJSKE \u010cEBELE, VI\u0160NJA GORA<\/td>\n<\/tr>\n<tr>\n<td width=\"95\">21. 6. 2022<\/td>\n<td width=\"94\">18.00-20.00<\/td>\n<td width=\"312\">KULTURNI DOM IVAN\u010cNA GORICA<\/td>\n<\/tr>\n<\/tbody>\n<\/table>\n<p>&nbsp;<\/p>\n<table width=\"0\">\n<tbody>\n<tr>\n<td colspan=\"3\" width=\"501\"><strong>TREBNJE<\/strong><\/td>\n<\/tr>\n<tr>\n<td colspan=\"2\" width=\"189\">Kdaj<\/td>\n<td width=\"312\">Lokacija<\/td>\n<\/tr>\n<tr>\n<td width=\"95\">1. 6. 2022<\/td>\n<td width=\"94\">17.00-19.00<\/td>\n<td width=\"312\">CIK Trebnje, II. nadstropje, velika predavalnica<\/p>\n<p>Kidri\u010deva ulica 2, Trebnje<\/td>\n<\/tr>\n<tr>\n<td width=\"95\">8. 6. 2022<\/td>\n<td width=\"94\">17.00-19.00<\/td>\n<td width=\"312\">CIK Trebnje, II. nadstropje, velika predavalnica<\/p>\n<p>Kidri\u010deva ulica 2, Trebnje<\/td>\n<\/tr>\n<tr>\n<td width=\"95\">15. 6. 2022<\/td>\n<td width=\"94\">17.00-19.00<\/td>\n<td width=\"312\">CIK Trebnje, II. nadstropje, velika predavalnica<\/p>\n<p>Kidri\u010deva ulica 2, Trebnje<\/td>\n<\/tr>\n<\/tbody>\n<\/table>\n<p>&nbsp;<\/p>\n<p style=\"text-align: center;\">Prijave na<\/p>\n<p style=\"text-align: center;\">\u00a0<a href=\"mailto:las-stik@ciktrebnje.si\">las-stik@ciktrebnje.si<\/a>, <a href=\"mailto:stella.cavalleri@ciktrebnje.si\">stella.cavalleri@ciktrebnje.si<\/a>, <a href=\"mailto:liljana.omerzu@ciktrebnje.si\">liljana.omerzu@ciktrebnje.si<\/a> ali 07 34 82 103.<\/p>\n<p style=\"text-align: center;\">Delavnice so udele\u017eence brezpla\u010dne.<\/p>\n<p>&nbsp;<\/p>\n<p style=\"text-align: left;\"><img loading=\"lazy\" decoding=\"async\" class=\"size-medium wp-image-3682 aligncenter\" src=\"https:\/\/www.las-stik.si\/programsko-obdobje-2014-2020\/wp-content\/uploads\/2022\/01\/PRP-LEADER-EU-SLO-barvni-1-300x74.jpg\" alt=\"\" width=\"300\" height=\"74\" srcset=\"https:\/\/www.las-stik.si\/programsko-obdobje-2014-2020\/wp-content\/uploads\/2022\/01\/PRP-LEADER-EU-SLO-barvni-1-300x74.jpg 300w, https:\/\/www.las-stik.si\/programsko-obdobje-2014-2020\/wp-content\/uploads\/2022\/01\/PRP-LEADER-EU-SLO-barvni-1-1024x253.jpg 1024w, https:\/\/www.las-stik.si\/programsko-obdobje-2014-2020\/wp-content\/uploads\/2022\/01\/PRP-LEADER-EU-SLO-barvni-1-150x37.jpg 150w, https:\/\/www.las-stik.si\/programsko-obdobje-2014-2020\/wp-content\/uploads\/2022\/01\/PRP-LEADER-EU-SLO-barvni-1-768x190.jpg 768w, https:\/\/www.las-stik.si\/programsko-obdobje-2014-2020\/wp-content\/uploads\/2022\/01\/PRP-LEADER-EU-SLO-barvni-1-1536x380.jpg 1536w, https:\/\/www.las-stik.si\/programsko-obdobje-2014-2020\/wp-content\/uploads\/2022\/01\/PRP-LEADER-EU-SLO-barvni-1-2048x507.jpg 2048w\" sizes=\"(max-width: 300px) 100vw, 300px\" \/><\/p>\n<p>&nbsp;<\/p>\n<p>&nbsp;<\/p>\n<p>&nbsp;<\/p>\n<p>&nbsp;<\/p>\n","protected":false},"excerpt":{"rendered":"<p>&nbsp; S projektom sodelovanja \u00bbSkupaj za varni jutri\u00ab je pet Lokalnih akcijskih skupin iz Slovenije zdru\u017eilo svoje mo\u010di in skupaj z lokalnimi partnerji sodeluje pri \u0161irjenju in dopolnjevanju \u017ee obstoje\u010dih mre\u017e javno dostopnih AED aparatov. S \u0161irjenjem mre\u017ee AED aparatov se pove\u010duje mo\u017enost, da bo avtomatski defibrilator dostopen takrat, ko bo na terenu nekdo do\u017eivel&hellip;<\/p>\n","protected":false},"author":2,"featured_media":0,"comment_status":"closed","ping_status":"closed","sticky":false,"template":"","format":"standard","meta":{"footnotes":""},"categories":[33],"tags":[],"_links":{"self":[{"href":"https:\/\/www.las-stik.si\/programsko-obdobje-2014-2020\/wp-json\/wp\/v2\/posts\/3797"}],"collection":[{"href":"https:\/\/www.las-stik.si\/programsko-obdobje-2014-2020\/wp-json\/wp\/v2\/posts"}],"about":[{"href":"https:\/\/www.las-stik.si\/programsko-obdobje-2014-2020\/wp-json\/wp\/v2\/types\/post"}],"author":[{"embeddable":true,"href":"https:\/\/www.las-stik.si\/programsko-obdobje-2014-2020\/wp-json\/wp\/v2\/users\/2"}],"replies":[{"embeddable":true,"href":"https:\/\/www.las-stik.si\/programsko-obdobje-2014-2020\/wp-json\/wp\/v2\/comments?post=3797"}],"version-history":[{"count":0,"href":"https:\/\/www.las-stik.si\/programsko-obdobje-2014-2020\/wp-json\/wp\/v2\/posts\/3797\/revisions"}],"wp:attachment":[{"href":"https:\/\/www.las-stik.si\/programsko-obdobje-2014-2020\/wp-json\/wp\/v2\/media?parent=3797"}],"wp:term":[{"taxonomy":"category","embeddable":true,"href":"https:\/\/www.las-stik.si\/programsko-obdobje-2014-2020\/wp-json\/wp\/v2\/categories?post=3797"},{"taxonomy":"post_tag","embeddable":true,"href":"https:\/\/www.las-stik.si\/programsko-obdobje-2014-2020\/wp-json\/wp\/v2\/tags?post=3797"}],"curies":[{"name":"wp","href":"https:\/\/api.w.org\/{rel}","templated":true}]}}