{"id":3806,"date":"2022-05-23T14:14:02","date_gmt":"2022-05-23T12:14:02","guid":{"rendered":"https:\/\/www.las-stik.si\/programsko-obdobje-2014-2020\/?p=3806"},"modified":"2022-05-23T14:14:02","modified_gmt":"2022-05-23T12:14:02","slug":"zelite-obogatiti-svoje-znanje-trzenja-v-turizmu-in-stopiti-korak-naprej","status":"publish","type":"post","link":"https:\/\/www.las-stik.si\/programsko-obdobje-2014-2020\/novice\/zelite-obogatiti-svoje-znanje-trzenja-v-turizmu-in-stopiti-korak-naprej\/","title":{"rendered":"\u017delite obogatiti svoje znanje tr\u017eenja v turizmu in stopiti korak naprej?"},"content":{"rendered":"<p><img loading=\"lazy\" decoding=\"async\" class=\"size-medium wp-image-3807 aligncenter\" src=\"https:\/\/www.las-stik.si\/programsko-obdobje-2014-2020\/wp-content\/uploads\/2022\/05\/Suha-krajina-logotip-300x126.jpg\" alt=\"\" width=\"300\" height=\"126\" srcset=\"https:\/\/www.las-stik.si\/programsko-obdobje-2014-2020\/wp-content\/uploads\/2022\/05\/Suha-krajina-logotip-300x126.jpg 300w, https:\/\/www.las-stik.si\/programsko-obdobje-2014-2020\/wp-content\/uploads\/2022\/05\/Suha-krajina-logotip-150x63.jpg 150w, https:\/\/www.las-stik.si\/programsko-obdobje-2014-2020\/wp-content\/uploads\/2022\/05\/Suha-krajina-logotip-768x323.jpg 768w, https:\/\/www.las-stik.si\/programsko-obdobje-2014-2020\/wp-content\/uploads\/2022\/05\/Suha-krajina-logotip.jpg 785w\" sizes=\"(max-width: 300px) 100vw, 300px\" \/><\/p>\n<p>&nbsp;<\/p>\n<p>V\u00a0<strong>ponedeljek, 30. maja 2022<\/strong>, organiziramo\u00a0<strong>brezpla\u010dno delavnico<\/strong>,\u00a0namenjeno obstoje\u010dim in novim turisti\u010dnim ponudnikom, na obmo\u010dju LAS STIK, ki \u017eelijo nadgraditi svoje znanje ter postati bolj prepoznavni in uspe\u0161ni. Potekala bo\u00a0<strong>od 10:00 do 14.00\u00a0<\/strong>v sejni sobi ob\u010dinskega sveta ob\u010dine \u017du\u017eemberk na\u00a0<strong>Grajskem trgu 26<\/strong>\u00a0(I. nadstropje).<\/p>\n<p>&nbsp;<\/p>\n<p>Delavnico organiziramo v okviru\u00a0operacije z naslovom Razi\u0161\u010di, okusi in do\u017eivi Suho krajino skozi interaktivno, povezano in osebno izku\u0161njo naravne in kulturne dedi\u0161\u010dine (SKIN). Vsak udele\u017eenec delavnice bo ob pomo\u010di predavateljice in mentorjev razvil nove, privla\u010dnej\u0161e turisti\u010dne produkte in nadgradil obstoje\u010de za svoj \u0161e uspe\u0161nej\u0161i nastop na trgu.<\/p>\n<p><strong>\u00a0<\/strong><\/p>\n<p><strong>Vsebina delavnice<\/strong><\/p>\n<ul>\n<li>Predstavitev operacije SKIN.<\/li>\n<li>Predstavitev zdru\u017eenj, v katere je vklju\u010dena ob\u010dina \u017du\u017eemberk.<\/li>\n<li>Pokoronski turizem in nova strategija STO.<\/li>\n<li>Turisti\u010dna destinacija in povezovanje v marketingu.<\/li>\n<li>Trendi v turizmu po koroni in novodobni turist.<\/li>\n<li>Ciljne skupine.<\/li>\n<li>ITP \u2013 integralni turisti\u010dni produkt in turisti\u010dni itinerar.<\/li>\n<li>Prepoznavnost posameznika in destinacije.<\/li>\n<li>Kako se pripraviti na cenjene goste in gostoljubnost.<\/li>\n<li>Komunikacija je osnovno orodje dobre prodaje in gostoljubnosti.<\/li>\n<\/ul>\n<p>&nbsp;<\/p>\n<p>Na delavnici bomo predstavili\u00a0<strong>prakti\u010dne primere<\/strong>\u00a0iz slovenske prakse turisti\u010dnih ponudnikov, ki se dnevno soo\u010dajo s podobnimi izzivi kot vi. Cilj delavnice je, da vsak udele\u017eenec skozi potek delavnice samostojno ustvari\u00a0<strong>prakti\u010den na\u010drt od oblikovanja do promocije<\/strong>\u00a0za nove enostavne in integrirane produkte ali nadgradnjo \u017ee obstoje\u010de ponudbe.<\/p>\n<p>&nbsp;<\/p>\n<p>Veselimo se sre\u010danja z vami.<\/p>\n<p>Partnerji projekta SKIN<\/p>\n<p>&nbsp;<\/p>\n<p><img loading=\"lazy\" decoding=\"async\" class=\"alignnone wp-image-3808 size-large\" src=\"https:\/\/www.las-stik.si\/programsko-obdobje-2014-2020\/wp-content\/uploads\/2022\/05\/Pasica_SKIN-1024x137.jpg\" alt=\"\" width=\"1024\" height=\"137\" srcset=\"https:\/\/www.las-stik.si\/programsko-obdobje-2014-2020\/wp-content\/uploads\/2022\/05\/Pasica_SKIN-1024x137.jpg 1024w, https:\/\/www.las-stik.si\/programsko-obdobje-2014-2020\/wp-content\/uploads\/2022\/05\/Pasica_SKIN-300x40.jpg 300w, https:\/\/www.las-stik.si\/programsko-obdobje-2014-2020\/wp-content\/uploads\/2022\/05\/Pasica_SKIN-150x20.jpg 150w, https:\/\/www.las-stik.si\/programsko-obdobje-2014-2020\/wp-content\/uploads\/2022\/05\/Pasica_SKIN-768x102.jpg 768w, https:\/\/www.las-stik.si\/programsko-obdobje-2014-2020\/wp-content\/uploads\/2022\/05\/Pasica_SKIN.jpg 1500w\" sizes=\"(max-width: 1024px) 100vw, 1024px\" \/><\/p>\n","protected":false},"excerpt":{"rendered":"<p>&nbsp; V\u00a0ponedeljek, 30. maja 2022, organiziramo\u00a0brezpla\u010dno delavnico,\u00a0namenjeno obstoje\u010dim in novim turisti\u010dnim ponudnikom, na obmo\u010dju LAS STIK, ki \u017eelijo nadgraditi svoje znanje ter postati bolj prepoznavni in uspe\u0161ni. Potekala bo\u00a0od 10:00 do 14.00\u00a0v sejni sobi ob\u010dinskega sveta ob\u010dine \u017du\u017eemberk na\u00a0Grajskem trgu 26\u00a0(I. nadstropje). &nbsp; Delavnico organiziramo v okviru\u00a0operacije z naslovom Razi\u0161\u010di, okusi in do\u017eivi Suho krajino&hellip;<\/p>\n","protected":false},"author":2,"featured_media":0,"comment_status":"closed","ping_status":"closed","sticky":false,"template":"","format":"standard","meta":{"footnotes":""},"categories":[33],"tags":[],"_links":{"self":[{"href":"https:\/\/www.las-stik.si\/programsko-obdobje-2014-2020\/wp-json\/wp\/v2\/posts\/3806"}],"collection":[{"href":"https:\/\/www.las-stik.si\/programsko-obdobje-2014-2020\/wp-json\/wp\/v2\/posts"}],"about":[{"href":"https:\/\/www.las-stik.si\/programsko-obdobje-2014-2020\/wp-json\/wp\/v2\/types\/post"}],"author":[{"embeddable":true,"href":"https:\/\/www.las-stik.si\/programsko-obdobje-2014-2020\/wp-json\/wp\/v2\/users\/2"}],"replies":[{"embeddable":true,"href":"https:\/\/www.las-stik.si\/programsko-obdobje-2014-2020\/wp-json\/wp\/v2\/comments?post=3806"}],"version-history":[{"count":0,"href":"https:\/\/www.las-stik.si\/programsko-obdobje-2014-2020\/wp-json\/wp\/v2\/posts\/3806\/revisions"}],"wp:attachment":[{"href":"https:\/\/www.las-stik.si\/programsko-obdobje-2014-2020\/wp-json\/wp\/v2\/media?parent=3806"}],"wp:term":[{"taxonomy":"category","embeddable":true,"href":"https:\/\/www.las-stik.si\/programsko-obdobje-2014-2020\/wp-json\/wp\/v2\/categories?post=3806"},{"taxonomy":"post_tag","embeddable":true,"href":"https:\/\/www.las-stik.si\/programsko-obdobje-2014-2020\/wp-json\/wp\/v2\/tags?post=3806"}],"curies":[{"name":"wp","href":"https:\/\/api.w.org\/{rel}","templated":true}]}}