{"id":3817,"date":"2022-06-14T14:44:37","date_gmt":"2022-06-14T12:44:37","guid":{"rendered":"https:\/\/www.las-stik.si\/programsko-obdobje-2014-2020\/?p=3817"},"modified":"2022-06-14T14:47:20","modified_gmt":"2022-06-14T12:47:20","slug":"v-okviru-projekta-skupaj-za-varni-jutri-potekajo-usposabljanja-iz-temeljnih-postopkov-ozivljanja-in-uporabe-avtomatskega-defibrilatorja","status":"publish","type":"post","link":"https:\/\/www.las-stik.si\/programsko-obdobje-2014-2020\/novice\/v-okviru-projekta-skupaj-za-varni-jutri-potekajo-usposabljanja-iz-temeljnih-postopkov-ozivljanja-in-uporabe-avtomatskega-defibrilatorja\/","title":{"rendered":"V OKVIRU PROJEKTA SKUPAJ ZA VARNI JUTRI POTEKAJO USPOSABLJANJA IZ TEMELJNIH POSTOPKOV O\u017dIVLJANJA IN UPORABE AVTOMATSKEGA DEFIBRILATORJA"},"content":{"rendered":"<p>&nbsp;<\/p>\n<p>&nbsp;<\/p>\n<p><img loading=\"lazy\" decoding=\"async\" class=\" wp-image-3680 aligncenter\" src=\"https:\/\/www.las-stik.si\/programsko-obdobje-2014-2020\/wp-content\/uploads\/2022\/01\/Za-varni-JU3-barvni-300x230.png\" alt=\"\" width=\"194\" height=\"149\" srcset=\"https:\/\/www.las-stik.si\/programsko-obdobje-2014-2020\/wp-content\/uploads\/2022\/01\/Za-varni-JU3-barvni-300x230.png 300w, https:\/\/www.las-stik.si\/programsko-obdobje-2014-2020\/wp-content\/uploads\/2022\/01\/Za-varni-JU3-barvni-150x115.png 150w, https:\/\/www.las-stik.si\/programsko-obdobje-2014-2020\/wp-content\/uploads\/2022\/01\/Za-varni-JU3-barvni-768x588.png 768w, https:\/\/www.las-stik.si\/programsko-obdobje-2014-2020\/wp-content\/uploads\/2022\/01\/Za-varni-JU3-barvni.png 969w\" sizes=\"(max-width: 194px) 100vw, 194px\" \/><\/p>\n<p style=\"text-align: center;\">LAS STIK v sodelovanju s \u0161tirimi LAS iz Slovenije izvaja projekt Skupaj za varni jutri, ki bo pomembno prispeval k \u0161irjenju \u017ee obstoje\u010de mre\u017ee javno dostopnih avtomatskih defibrilatorjev (AED) tudi v ob\u010dinah Ivan\u010dna Gorica in Trebnje. Poleg dostopnega defibrilatorja je v primeru sr\u010dnega zastoja enako pomembno, da ga morebitni o\u010dividci znajo uporabiti, zato se na obmo\u010dju obeh ob\u010din izvajajo usposabljanja iz temeljnih postopkov o\u017eivljanja in uporabe defibrilatorja (AED).<\/p>\n<p>&nbsp;<\/p>\n<div id=\"attachment_3818\" style=\"width: 310px\" class=\"wp-caption aligncenter\"><img loading=\"lazy\" decoding=\"async\" aria-describedby=\"caption-attachment-3818\" class=\"wp-image-3818 size-medium\" src=\"https:\/\/www.las-stik.si\/programsko-obdobje-2014-2020\/wp-content\/uploads\/2022\/06\/20220602_120530-300x225.jpg\" alt=\"\" width=\"300\" height=\"225\" srcset=\"https:\/\/www.las-stik.si\/programsko-obdobje-2014-2020\/wp-content\/uploads\/2022\/06\/20220602_120530-300x225.jpg 300w, https:\/\/www.las-stik.si\/programsko-obdobje-2014-2020\/wp-content\/uploads\/2022\/06\/20220602_120530-1024x768.jpg 1024w, https:\/\/www.las-stik.si\/programsko-obdobje-2014-2020\/wp-content\/uploads\/2022\/06\/20220602_120530-150x113.jpg 150w, https:\/\/www.las-stik.si\/programsko-obdobje-2014-2020\/wp-content\/uploads\/2022\/06\/20220602_120530-768x576.jpg 768w, https:\/\/www.las-stik.si\/programsko-obdobje-2014-2020\/wp-content\/uploads\/2022\/06\/20220602_120530-1536x1152.jpg 1536w, https:\/\/www.las-stik.si\/programsko-obdobje-2014-2020\/wp-content\/uploads\/2022\/06\/20220602_120530-2048x1536.jpg 2048w\" sizes=\"(max-width: 300px) 100vw, 300px\" \/><p id=\"caption-attachment-3818\" class=\"wp-caption-text\">Usposabljanje, 2. junij 2022, CIK Trebnje<\/p><\/div>\n<p>&nbsp;<\/p>\n<p style=\"text-align: center;\">V okviru projekta se je oblikovala skupina strokovnjakov z vseh sodelujo\u010dih obmo\u010dij, ki sodelujejo pri izvedbi aktivnosti projekta Skupaj za varni jutri, svoje znanje delijo tudi na terenu na vklju\u010denih obmo\u010djih tam, kjer je to potrebno. S tem namenom so posneli <strong>videoposnetek<\/strong>, v katerem so <strong>prikazani temeljni postopki o\u017eivljanja in uporaba AED aparata<\/strong>.<\/p>\n<p>&nbsp;<\/p>\n<p><img loading=\"lazy\" decoding=\"async\" class=\"size-full wp-image-3819 aligncenter\" src=\"https:\/\/www.las-stik.si\/programsko-obdobje-2014-2020\/wp-content\/uploads\/2022\/06\/qrcode_-_aed_002.201x0-is.png\" alt=\"\" width=\"201\" height=\"201\" srcset=\"https:\/\/www.las-stik.si\/programsko-obdobje-2014-2020\/wp-content\/uploads\/2022\/06\/qrcode_-_aed_002.201x0-is.png 201w, https:\/\/www.las-stik.si\/programsko-obdobje-2014-2020\/wp-content\/uploads\/2022\/06\/qrcode_-_aed_002.201x0-is-150x150.png 150w\" sizes=\"(max-width: 201px) 100vw, 201px\" \/><\/p>\n<p>&nbsp;<\/p>\n<p>&nbsp;<\/p>\n<p><img loading=\"lazy\" decoding=\"async\" class=\"size-medium wp-image-3682 aligncenter\" src=\"https:\/\/www.las-stik.si\/programsko-obdobje-2014-2020\/wp-content\/uploads\/2022\/01\/PRP-LEADER-EU-SLO-barvni-1-300x74.jpg\" alt=\"\" width=\"300\" height=\"74\" srcset=\"https:\/\/www.las-stik.si\/programsko-obdobje-2014-2020\/wp-content\/uploads\/2022\/01\/PRP-LEADER-EU-SLO-barvni-1-300x74.jpg 300w, https:\/\/www.las-stik.si\/programsko-obdobje-2014-2020\/wp-content\/uploads\/2022\/01\/PRP-LEADER-EU-SLO-barvni-1-1024x253.jpg 1024w, https:\/\/www.las-stik.si\/programsko-obdobje-2014-2020\/wp-content\/uploads\/2022\/01\/PRP-LEADER-EU-SLO-barvni-1-150x37.jpg 150w, https:\/\/www.las-stik.si\/programsko-obdobje-2014-2020\/wp-content\/uploads\/2022\/01\/PRP-LEADER-EU-SLO-barvni-1-768x190.jpg 768w, https:\/\/www.las-stik.si\/programsko-obdobje-2014-2020\/wp-content\/uploads\/2022\/01\/PRP-LEADER-EU-SLO-barvni-1-1536x380.jpg 1536w, https:\/\/www.las-stik.si\/programsko-obdobje-2014-2020\/wp-content\/uploads\/2022\/01\/PRP-LEADER-EU-SLO-barvni-1-2048x507.jpg 2048w\" sizes=\"(max-width: 300px) 100vw, 300px\" \/><\/p>\n","protected":false},"excerpt":{"rendered":"<p>&nbsp; &nbsp; LAS STIK v sodelovanju s \u0161tirimi LAS iz Slovenije izvaja projekt Skupaj za varni jutri, ki bo pomembno prispeval k \u0161irjenju \u017ee obstoje\u010de mre\u017ee javno dostopnih avtomatskih defibrilatorjev (AED) tudi v ob\u010dinah Ivan\u010dna Gorica in Trebnje. Poleg dostopnega defibrilatorja je v primeru sr\u010dnega zastoja enako pomembno, da ga morebitni o\u010dividci znajo uporabiti, zato&hellip;<\/p>\n","protected":false},"author":2,"featured_media":0,"comment_status":"closed","ping_status":"closed","sticky":false,"template":"","format":"standard","meta":{"footnotes":""},"categories":[33],"tags":[],"_links":{"self":[{"href":"https:\/\/www.las-stik.si\/programsko-obdobje-2014-2020\/wp-json\/wp\/v2\/posts\/3817"}],"collection":[{"href":"https:\/\/www.las-stik.si\/programsko-obdobje-2014-2020\/wp-json\/wp\/v2\/posts"}],"about":[{"href":"https:\/\/www.las-stik.si\/programsko-obdobje-2014-2020\/wp-json\/wp\/v2\/types\/post"}],"author":[{"embeddable":true,"href":"https:\/\/www.las-stik.si\/programsko-obdobje-2014-2020\/wp-json\/wp\/v2\/users\/2"}],"replies":[{"embeddable":true,"href":"https:\/\/www.las-stik.si\/programsko-obdobje-2014-2020\/wp-json\/wp\/v2\/comments?post=3817"}],"version-history":[{"count":0,"href":"https:\/\/www.las-stik.si\/programsko-obdobje-2014-2020\/wp-json\/wp\/v2\/posts\/3817\/revisions"}],"wp:attachment":[{"href":"https:\/\/www.las-stik.si\/programsko-obdobje-2014-2020\/wp-json\/wp\/v2\/media?parent=3817"}],"wp:term":[{"taxonomy":"category","embeddable":true,"href":"https:\/\/www.las-stik.si\/programsko-obdobje-2014-2020\/wp-json\/wp\/v2\/categories?post=3817"},{"taxonomy":"post_tag","embeddable":true,"href":"https:\/\/www.las-stik.si\/programsko-obdobje-2014-2020\/wp-json\/wp\/v2\/tags?post=3817"}],"curies":[{"name":"wp","href":"https:\/\/api.w.org\/{rel}","templated":true}]}}