{"id":3834,"date":"2022-07-07T12:16:26","date_gmt":"2022-07-07T10:16:26","guid":{"rendered":"https:\/\/www.las-stik.si\/programsko-obdobje-2014-2020\/?p=3834"},"modified":"2022-07-07T12:16:26","modified_gmt":"2022-07-07T10:16:26","slug":"poletni-delovni-cas-2022","status":"publish","type":"post","link":"https:\/\/www.las-stik.si\/programsko-obdobje-2014-2020\/novice\/poletni-delovni-cas-2022\/","title":{"rendered":"POLETNI DELOVNI \u010cAS 2022"},"content":{"rendered":"<p>Spo\u0161tovani.<\/p>\n<p>Sporo\u010damo vam, da bo v \u010dasu poletnih po\u010ditnic, delovni \u010das pisarne CIK Trebnje in pisarne LAS STIK spremenjen.<\/p>\n<table>\n<tbody>\n<tr>\n<td width=\"151\">DAN<\/td>\n<td width=\"132\">DATUM<\/td>\n<td width=\"151\">VSEBINA<\/td>\n<td width=\"170\">DELOVNI \u010cAS<\/td>\n<\/tr>\n<tr>\n<td width=\"151\">pon.-pet.<\/td>\n<td width=\"132\">27.6. do 7.7.2022<\/td>\n<td width=\"151\">ni de\u017eurstva<\/td>\n<td width=\"170\">do 16.00, petek do 14.00<\/td>\n<\/tr>\n<tr>\n<td width=\"151\"><strong>pon.-pet.<\/strong><\/td>\n<td width=\"132\"><strong>11.7. do 22.7.2022<\/strong><\/td>\n<td width=\"151\"><strong>poletni delovni \u010das<\/strong><\/td>\n<td width=\"170\"><strong>do 14.00<\/strong><\/td>\n<\/tr>\n<tr>\n<td width=\"151\"><strong>pon.-pet.<\/strong><\/td>\n<td width=\"132\"><strong>25.7. do 5.8.2022<\/strong><\/td>\n<td width=\"151\"><strong>po\u010ditnice<\/strong><\/td>\n<td width=\"170\"><strong>ZAPRTO<\/strong><\/td>\n<\/tr>\n<tr>\n<td width=\"151\"><strong>pon.-pet.<\/strong><\/td>\n<td width=\"132\"><strong>8.8. do 12.8.2022<\/strong><\/td>\n<td width=\"151\"><strong>poletni delovni \u010das<\/strong><\/td>\n<td width=\"170\"><strong>do 14.00<\/strong><\/td>\n<\/tr>\n<tr>\n<td width=\"151\">ponedeljek<\/td>\n<td width=\"132\">15.8.2022<\/td>\n<td width=\"151\">praznik<\/td>\n<td width=\"170\">ZAPRTO<\/td>\n<\/tr>\n<tr>\n<td width=\"151\">pon.-pet.<\/td>\n<td width=\"132\">16.8. do 31.8.2022<\/td>\n<td width=\"151\">ni de\u017eurstva<\/td>\n<td width=\"170\">do 16.00, petek do 14.00<\/td>\n<\/tr>\n<\/tbody>\n<\/table>\n<p>Hvala za razumevanje<\/p>\n","protected":false},"excerpt":{"rendered":"<p>Spo\u0161tovani. Sporo\u010damo vam, da bo v \u010dasu poletnih po\u010ditnic, delovni \u010das pisarne CIK Trebnje in pisarne LAS STIK spremenjen. DAN DATUM VSEBINA DELOVNI \u010cAS pon.-pet. 27.6. do 7.7.2022 ni de\u017eurstva do 16.00, petek do 14.00 pon.-pet. 11.7. do 22.7.2022 poletni delovni \u010das do 14.00 pon.-pet. 25.7. do 5.8.2022 po\u010ditnice ZAPRTO pon.-pet. 8.8. do 12.8.2022 poletni&hellip;<\/p>\n","protected":false},"author":2,"featured_media":0,"comment_status":"closed","ping_status":"closed","sticky":false,"template":"","format":"standard","meta":{"footnotes":""},"categories":[33],"tags":[],"_links":{"self":[{"href":"https:\/\/www.las-stik.si\/programsko-obdobje-2014-2020\/wp-json\/wp\/v2\/posts\/3834"}],"collection":[{"href":"https:\/\/www.las-stik.si\/programsko-obdobje-2014-2020\/wp-json\/wp\/v2\/posts"}],"about":[{"href":"https:\/\/www.las-stik.si\/programsko-obdobje-2014-2020\/wp-json\/wp\/v2\/types\/post"}],"author":[{"embeddable":true,"href":"https:\/\/www.las-stik.si\/programsko-obdobje-2014-2020\/wp-json\/wp\/v2\/users\/2"}],"replies":[{"embeddable":true,"href":"https:\/\/www.las-stik.si\/programsko-obdobje-2014-2020\/wp-json\/wp\/v2\/comments?post=3834"}],"version-history":[{"count":0,"href":"https:\/\/www.las-stik.si\/programsko-obdobje-2014-2020\/wp-json\/wp\/v2\/posts\/3834\/revisions"}],"wp:attachment":[{"href":"https:\/\/www.las-stik.si\/programsko-obdobje-2014-2020\/wp-json\/wp\/v2\/media?parent=3834"}],"wp:term":[{"taxonomy":"category","embeddable":true,"href":"https:\/\/www.las-stik.si\/programsko-obdobje-2014-2020\/wp-json\/wp\/v2\/categories?post=3834"},{"taxonomy":"post_tag","embeddable":true,"href":"https:\/\/www.las-stik.si\/programsko-obdobje-2014-2020\/wp-json\/wp\/v2\/tags?post=3834"}],"curies":[{"name":"wp","href":"https:\/\/api.w.org\/{rel}","templated":true}]}}