{"id":3841,"date":"2022-04-22T09:32:54","date_gmt":"2022-04-22T07:32:54","guid":{"rendered":"https:\/\/www.las-stik.si\/programsko-obdobje-2014-2020\/?p=3841"},"modified":"2022-07-08T10:15:04","modified_gmt":"2022-07-08T08:15:04","slug":"galerija-likovnih-samorastnikov-trebnje-pripravlja-novo-ar-mobilno-aplikacijo","status":"publish","type":"post","link":"https:\/\/www.las-stik.si\/programsko-obdobje-2014-2020\/novice\/galerija-likovnih-samorastnikov-trebnje-pripravlja-novo-ar-mobilno-aplikacijo\/","title":{"rendered":"Galerija likovnih samorastnikov Trebnje pripravlja novo AR mobilno aplikacijo"},"content":{"rendered":"<p style=\"text-align: center;\">Galerija likovnih samorastnikov Trebnje bo dobila virtualnega vodnika. Obiskovalke in obiskovalce bo po zbirki izjemne samorastni\u0161ke in naivne umetnosti vodil <strong>Samo Rastnik<\/strong>. Lik, s katerim galerijska izku\u0161nja zares postane do\u017eivljajska, poglobljena in pou\u010dna, odli\u010dno upodablja dramski igralec <strong>Matej Puc<\/strong>. Snemanje pod okriljem dru\u017ebe Art Rebel 9 smo kon\u010dali pred nekaj dnevi.<\/p>\n<p><img loading=\"lazy\" decoding=\"async\" class=\"aligncenter wp-image-3843 size-medium\" src=\"https:\/\/www.las-stik.si\/programsko-obdobje-2014-2020\/wp-content\/uploads\/2022\/07\/Foto-Samo-obris-200x300.jpg\" alt=\"\" width=\"200\" height=\"300\" srcset=\"https:\/\/www.las-stik.si\/programsko-obdobje-2014-2020\/wp-content\/uploads\/2022\/07\/Foto-Samo-obris-200x300.jpg 200w, https:\/\/www.las-stik.si\/programsko-obdobje-2014-2020\/wp-content\/uploads\/2022\/07\/Foto-Samo-obris-683x1024.jpg 683w, https:\/\/www.las-stik.si\/programsko-obdobje-2014-2020\/wp-content\/uploads\/2022\/07\/Foto-Samo-obris-100x150.jpg 100w, https:\/\/www.las-stik.si\/programsko-obdobje-2014-2020\/wp-content\/uploads\/2022\/07\/Foto-Samo-obris-768x1152.jpg 768w, https:\/\/www.las-stik.si\/programsko-obdobje-2014-2020\/wp-content\/uploads\/2022\/07\/Foto-Samo-obris-1024x1536.jpg 1024w, https:\/\/www.las-stik.si\/programsko-obdobje-2014-2020\/wp-content\/uploads\/2022\/07\/Foto-Samo-obris-1365x2048.jpg 1365w, https:\/\/www.las-stik.si\/programsko-obdobje-2014-2020\/wp-content\/uploads\/2022\/07\/Foto-Samo-obris-scaled.jpg 1707w\" sizes=\"(max-width: 200px) 100vw, 200px\" \/><\/p>\n<p>&nbsp;<\/p>\n<p style=\"text-align: center;\">V okviru projekta <strong><em>Virtualna Galerija likovnih samorastnikov Trebnje: kulturna dedi\u0161\u010dina v obogateni resni\u010dnosti<\/em><\/strong> (sofinanciranega z evropskimi sredstvi Podpore za lokalni razvoj v okviru pobude LEADER) smo s partnerji v minulih mesecih razvijali koncept, s katerim bi poudarili vabilo v galerijo mlaj\u0161im obiskovalkam in obiskovalcem (osnovno\u0161olci, dijaki, \u0161tudenti in mlaj\u0161i odrasli) ob pomo\u010di posebne aplikacije. V sredi\u0161\u010du novega produkta je \u017eelja po krepitvi zavedanja o Mednarodnem taboru likovnih samorastnikov, ki ga Trebnje \u017ee ve\u010d kot pol stoletja vsako leto gosti v juniju, o sodelujo\u010dih na taboru ter o \u0161ir\u0161em pomenu tega dogodka v preteklosti in sedanjosti.<\/p>\n<p><img loading=\"lazy\" decoding=\"async\" class=\"size-medium wp-image-3848 aligncenter\" src=\"https:\/\/www.las-stik.si\/programsko-obdobje-2014-2020\/wp-content\/uploads\/2022\/07\/3730_1607341847_15galerijalikovnihsamorastnikovtrebnje1-300x200.jpg\" alt=\"\" width=\"300\" height=\"200\" srcset=\"https:\/\/www.las-stik.si\/programsko-obdobje-2014-2020\/wp-content\/uploads\/2022\/07\/3730_1607341847_15galerijalikovnihsamorastnikovtrebnje1-300x200.jpg 300w, https:\/\/www.las-stik.si\/programsko-obdobje-2014-2020\/wp-content\/uploads\/2022\/07\/3730_1607341847_15galerijalikovnihsamorastnikovtrebnje1-150x100.jpg 150w, https:\/\/www.las-stik.si\/programsko-obdobje-2014-2020\/wp-content\/uploads\/2022\/07\/3730_1607341847_15galerijalikovnihsamorastnikovtrebnje1-768x513.jpg 768w, https:\/\/www.las-stik.si\/programsko-obdobje-2014-2020\/wp-content\/uploads\/2022\/07\/3730_1607341847_15galerijalikovnihsamorastnikovtrebnje1.jpg 1024w\" sizes=\"(max-width: 300px) 100vw, 300px\" \/><\/p>\n<p>&nbsp;<\/p>\n<p style=\"text-align: center;\">Osnova za aplikacijo, ki bo omogo\u010dila dostop do informacij o taboru in galeriji, je re\u0161itev izbranega ponudnika (Art Rebel 9), ki poudarja izbrane to\u010dke v galerijskih prostorih. Na omenjenih to\u010dkah, vezanih na tematske sobe (Slovenska soba, Jugoslovanska soba, Soba umetnikov s petih celin in Soba za\u010dasnih razstav), se bo obiskovalcem, ob pomo\u010di pametne naprave, pridru\u017eil virtualni vodnik. Na zanimiv in poljuden na\u010din bo podal znanje o likovnih tehnikah tudi s posebnimi nalogami za obiskovalce, ki bodo ob digitalni interakciji lahko \u0161e z ve\u010djim zanimanjem raziskovali galerijsko zbirko.<\/p>\n<p><img loading=\"lazy\" decoding=\"async\" class=\"size-medium wp-image-3845 aligncenter\" src=\"https:\/\/www.las-stik.si\/programsko-obdobje-2014-2020\/wp-content\/uploads\/2022\/07\/Foto-snemanje-zakulisje-300x200.jpg\" alt=\"\" width=\"300\" height=\"200\" srcset=\"https:\/\/www.las-stik.si\/programsko-obdobje-2014-2020\/wp-content\/uploads\/2022\/07\/Foto-snemanje-zakulisje-300x200.jpg 300w, https:\/\/www.las-stik.si\/programsko-obdobje-2014-2020\/wp-content\/uploads\/2022\/07\/Foto-snemanje-zakulisje-1024x683.jpg 1024w, https:\/\/www.las-stik.si\/programsko-obdobje-2014-2020\/wp-content\/uploads\/2022\/07\/Foto-snemanje-zakulisje-150x100.jpg 150w, https:\/\/www.las-stik.si\/programsko-obdobje-2014-2020\/wp-content\/uploads\/2022\/07\/Foto-snemanje-zakulisje-768x512.jpg 768w, https:\/\/www.las-stik.si\/programsko-obdobje-2014-2020\/wp-content\/uploads\/2022\/07\/Foto-snemanje-zakulisje-1536x1024.jpg 1536w, https:\/\/www.las-stik.si\/programsko-obdobje-2014-2020\/wp-content\/uploads\/2022\/07\/Foto-snemanje-zakulisje-2048x1365.jpg 2048w\" sizes=\"(max-width: 300px) 100vw, 300px\" \/><\/p>\n<p>&nbsp;<\/p>\n<p style=\"text-align: center;\">Ob iskanju zna\u010dilnosti lika, ki bo obiskovalke in obiskovalce vodil po galeriji, smo sku\u0161ali slediti zahtevi po strokovni utemeljenosti, spro\u0161\u010denemu podajanju informacij ter prepoznavnosti virtualnega vodnika, kar bo omogo\u010dilo bolj\u0161o promocijo kon\u010dnega produkta.<\/p>\n<p style=\"text-align: center;\">Ustvarili smo lik, poimenovan Samo Rastnik. Je del Galerije likovnih samorastnikov Trebnje in je z njo izjemno povezan. Predstavlja vmesni \u010dlen med profesionalnim osebjem galerije in ljubitelji umetnosti, ki \u0161ele spoznavajo umetnost likovnih samorastnikov. Pooseblja most med radovednostjo nad lepoto ustvarjanja in znanjem o podrobnostih in umetni\u0161ki vrednosti posameznih del.<\/p>\n<p><img loading=\"lazy\" decoding=\"async\" class=\"size-medium wp-image-3844 aligncenter\" src=\"https:\/\/www.las-stik.si\/programsko-obdobje-2014-2020\/wp-content\/uploads\/2022\/07\/Foto-snemanje-skupna-200x300.jpg\" alt=\"\" width=\"200\" height=\"300\" srcset=\"https:\/\/www.las-stik.si\/programsko-obdobje-2014-2020\/wp-content\/uploads\/2022\/07\/Foto-snemanje-skupna-200x300.jpg 200w, https:\/\/www.las-stik.si\/programsko-obdobje-2014-2020\/wp-content\/uploads\/2022\/07\/Foto-snemanje-skupna-683x1024.jpg 683w, https:\/\/www.las-stik.si\/programsko-obdobje-2014-2020\/wp-content\/uploads\/2022\/07\/Foto-snemanje-skupna-100x150.jpg 100w, https:\/\/www.las-stik.si\/programsko-obdobje-2014-2020\/wp-content\/uploads\/2022\/07\/Foto-snemanje-skupna-768x1152.jpg 768w, https:\/\/www.las-stik.si\/programsko-obdobje-2014-2020\/wp-content\/uploads\/2022\/07\/Foto-snemanje-skupna-1024x1536.jpg 1024w, https:\/\/www.las-stik.si\/programsko-obdobje-2014-2020\/wp-content\/uploads\/2022\/07\/Foto-snemanje-skupna-1365x2048.jpg 1365w, https:\/\/www.las-stik.si\/programsko-obdobje-2014-2020\/wp-content\/uploads\/2022\/07\/Foto-snemanje-skupna-scaled.jpg 1707w\" sizes=\"(max-width: 200px) 100vw, 200px\" \/><\/p>\n<p>&nbsp;<\/p>\n<p style=\"text-align: center;\">Sledili smo smernicam obogatene galerijske izku\u0161nje ob poudarku, da je Samo Rastnik vedno na strani obiskovalca, ki se zato v galeriji vedno po\u010duti dobrodo\u0161lega. \u017deleli smo ustvariti ve\u010dplasten lik, ki je simpati\u010dno boemski, dostopen in navdu\u0161en nad umetnostjo. Raste skupaj z vsakim taborom likovnih samorastnikov in vsako novo razstavo v na\u0161i galeriji. Je kot mo\u0161ki predstavnik starogr\u0161kih muz: pri\u0161epetovalec, navdihovalec in varuh galerije. Obiskovalcu se prika\u017ee na dolo\u010denih mestih, kjer je umetni\u0161ke energije najve\u010d. Je neminljiv in tako vedno pripravljen na sprehod skozi samorastni\u0161tvo.<\/p>\n<p><img loading=\"lazy\" decoding=\"async\" class=\"aligncenter wp-image-3842 size-medium\" src=\"https:\/\/www.las-stik.si\/programsko-obdobje-2014-2020\/wp-content\/uploads\/2022\/07\/Foto-Matej-Puc-zaslon-300x200.jpg\" alt=\"\" width=\"300\" height=\"200\" srcset=\"https:\/\/www.las-stik.si\/programsko-obdobje-2014-2020\/wp-content\/uploads\/2022\/07\/Foto-Matej-Puc-zaslon-300x200.jpg 300w, https:\/\/www.las-stik.si\/programsko-obdobje-2014-2020\/wp-content\/uploads\/2022\/07\/Foto-Matej-Puc-zaslon-1024x683.jpg 1024w, https:\/\/www.las-stik.si\/programsko-obdobje-2014-2020\/wp-content\/uploads\/2022\/07\/Foto-Matej-Puc-zaslon-150x100.jpg 150w, https:\/\/www.las-stik.si\/programsko-obdobje-2014-2020\/wp-content\/uploads\/2022\/07\/Foto-Matej-Puc-zaslon-768x512.jpg 768w, https:\/\/www.las-stik.si\/programsko-obdobje-2014-2020\/wp-content\/uploads\/2022\/07\/Foto-Matej-Puc-zaslon-1536x1024.jpg 1536w, https:\/\/www.las-stik.si\/programsko-obdobje-2014-2020\/wp-content\/uploads\/2022\/07\/Foto-Matej-Puc-zaslon-2048x1365.jpg 2048w\" sizes=\"(max-width: 300px) 100vw, 300px\" \/><\/p>\n<p>&nbsp;<\/p>\n<p style=\"text-align: center;\">Po\u010da\u0161\u010deni smo, da se je na vabilo k sodelovanju odzval priznani in prepoznavni dramski igralec Matej Puc. Prisluhnil je na\u0161im \u017eeljam in vdahnil \u017eivljenjsko energijo Samo Rastniku. Ustvarjanje lika je zahtevalo usklajevanje produkcijske in galerijske ekipe o \u0161tevilnih podrobnostih, tako pri besedilu, gestah in celotnemu izgledu, da bi bil virtualni galerijski vodnik zanimiv za vse generacije.<\/p>\n<p style=\"text-align: center;\">Celodnevno snemanje je potrdilo, da je Samo Rastnik lik s prepoznavnim obrazom, nalezljivo pozitivno energijo in izjemno umetni\u0161ko strastjo. Kmalu ga boste lahko spoznali povsem od blizu. Za ta namen bomo pripravili dodatne promocijske dejavnosti ter vas o vsem pravo\u010dasno obvestili.<\/p>\n<p>&nbsp;<\/p>\n<p style=\"text-align: center;\">Prispevek pripravil: Luka Bregar<\/p>\n<p>&nbsp;<\/p>\n<p>&nbsp;<\/p>\n<p><img loading=\"lazy\" decoding=\"async\" class=\"aligncenter wp-image-3682 \" src=\"https:\/\/www.las-stik.si\/programsko-obdobje-2014-2020\/wp-content\/uploads\/2022\/01\/PRP-LEADER-EU-SLO-barvni-1-1024x253.jpg\" alt=\"\" width=\"563\" height=\"139\" srcset=\"https:\/\/www.las-stik.si\/programsko-obdobje-2014-2020\/wp-content\/uploads\/2022\/01\/PRP-LEADER-EU-SLO-barvni-1-1024x253.jpg 1024w, https:\/\/www.las-stik.si\/programsko-obdobje-2014-2020\/wp-content\/uploads\/2022\/01\/PRP-LEADER-EU-SLO-barvni-1-300x74.jpg 300w, https:\/\/www.las-stik.si\/programsko-obdobje-2014-2020\/wp-content\/uploads\/2022\/01\/PRP-LEADER-EU-SLO-barvni-1-150x37.jpg 150w, https:\/\/www.las-stik.si\/programsko-obdobje-2014-2020\/wp-content\/uploads\/2022\/01\/PRP-LEADER-EU-SLO-barvni-1-768x190.jpg 768w, https:\/\/www.las-stik.si\/programsko-obdobje-2014-2020\/wp-content\/uploads\/2022\/01\/PRP-LEADER-EU-SLO-barvni-1-1536x380.jpg 1536w, https:\/\/www.las-stik.si\/programsko-obdobje-2014-2020\/wp-content\/uploads\/2022\/01\/PRP-LEADER-EU-SLO-barvni-1-2048x507.jpg 2048w\" sizes=\"(max-width: 563px) 100vw, 563px\" \/><\/p>\n<p><img loading=\"lazy\" decoding=\"async\" class=\"aligncenter wp-image-3846 size-large\" src=\"https:\/\/www.las-stik.si\/programsko-obdobje-2014-2020\/wp-content\/uploads\/2022\/07\/VGLST-1024x193.png\" alt=\"\" width=\"1024\" height=\"193\" srcset=\"https:\/\/www.las-stik.si\/programsko-obdobje-2014-2020\/wp-content\/uploads\/2022\/07\/VGLST-1024x193.png 1024w, https:\/\/www.las-stik.si\/programsko-obdobje-2014-2020\/wp-content\/uploads\/2022\/07\/VGLST-300x56.png 300w, https:\/\/www.las-stik.si\/programsko-obdobje-2014-2020\/wp-content\/uploads\/2022\/07\/VGLST-150x28.png 150w, https:\/\/www.las-stik.si\/programsko-obdobje-2014-2020\/wp-content\/uploads\/2022\/07\/VGLST-768x144.png 768w, https:\/\/www.las-stik.si\/programsko-obdobje-2014-2020\/wp-content\/uploads\/2022\/07\/VGLST.png 1154w\" sizes=\"(max-width: 1024px) 100vw, 1024px\" \/><\/p>\n<p>&nbsp;<\/p>\n","protected":false},"excerpt":{"rendered":"<p>Galerija likovnih samorastnikov Trebnje bo dobila virtualnega vodnika. Obiskovalke in obiskovalce bo po zbirki izjemne samorastni\u0161ke in naivne umetnosti vodil Samo Rastnik. Lik, s katerim galerijska izku\u0161nja zares postane do\u017eivljajska, poglobljena in pou\u010dna, odli\u010dno upodablja dramski igralec Matej Puc. Snemanje pod okriljem dru\u017ebe Art Rebel 9 smo kon\u010dali pred nekaj dnevi. &nbsp; V okviru projekta&hellip;<\/p>\n","protected":false},"author":2,"featured_media":0,"comment_status":"closed","ping_status":"closed","sticky":false,"template":"","format":"standard","meta":{"footnotes":""},"categories":[33],"tags":[],"_links":{"self":[{"href":"https:\/\/www.las-stik.si\/programsko-obdobje-2014-2020\/wp-json\/wp\/v2\/posts\/3841"}],"collection":[{"href":"https:\/\/www.las-stik.si\/programsko-obdobje-2014-2020\/wp-json\/wp\/v2\/posts"}],"about":[{"href":"https:\/\/www.las-stik.si\/programsko-obdobje-2014-2020\/wp-json\/wp\/v2\/types\/post"}],"author":[{"embeddable":true,"href":"https:\/\/www.las-stik.si\/programsko-obdobje-2014-2020\/wp-json\/wp\/v2\/users\/2"}],"replies":[{"embeddable":true,"href":"https:\/\/www.las-stik.si\/programsko-obdobje-2014-2020\/wp-json\/wp\/v2\/comments?post=3841"}],"version-history":[{"count":0,"href":"https:\/\/www.las-stik.si\/programsko-obdobje-2014-2020\/wp-json\/wp\/v2\/posts\/3841\/revisions"}],"wp:attachment":[{"href":"https:\/\/www.las-stik.si\/programsko-obdobje-2014-2020\/wp-json\/wp\/v2\/media?parent=3841"}],"wp:term":[{"taxonomy":"category","embeddable":true,"href":"https:\/\/www.las-stik.si\/programsko-obdobje-2014-2020\/wp-json\/wp\/v2\/categories?post=3841"},{"taxonomy":"post_tag","embeddable":true,"href":"https:\/\/www.las-stik.si\/programsko-obdobje-2014-2020\/wp-json\/wp\/v2\/tags?post=3841"}],"curies":[{"name":"wp","href":"https:\/\/api.w.org\/{rel}","templated":true}]}}