{"id":3851,"date":"2022-02-28T13:36:28","date_gmt":"2022-02-28T12:36:28","guid":{"rendered":"https:\/\/www.las-stik.si\/programsko-obdobje-2014-2020\/?p=3851"},"modified":"2022-07-19T13:50:20","modified_gmt":"2022-07-19T11:50:20","slug":"virtualna-galerija-likovnih-samorastnikov-trebnje","status":"publish","type":"post","link":"https:\/\/www.las-stik.si\/programsko-obdobje-2014-2020\/novice\/virtualna-galerija-likovnih-samorastnikov-trebnje\/","title":{"rendered":"VIRTUALNA GALERIJA LIKOVNIH SAMORASTNIKOV TREBNJE"},"content":{"rendered":"<p><strong>V GALERIJI LIKOVNIH SAMORASTNIKOV TREBNJE IZVAJAMO PROJEKT VIRTUALNA GALERIJA LIKOVNIH SAMORASTNIKOV TREBNJE: KULTURNA DEDI\u0160\u010cINA V OBOGATENI RESNI\u010cNOSTI<\/strong><\/p>\n<p>V Galeriji likovnih samorastnikov Trebnje izvajamo projekt z naslovom Virtualna galerija likovnih samorastnikov Trebnje: kulturna dedi\u0161\u010dina v obogateni resni\u010dnosti (akronim VGLST). Projekt izvajamo skupaj s partnerjema Dru\u0161tvo likovnikov Trebnje in LBV, Luka Bregar s.p.<\/p>\n<p>Projekt VGLST je na\u010drtovan kot inovativno povezovanje naivne umetnosti v zbirki Galerije likovnih samorastnikov Trebnje in sodobnih tehnologij, ki omogo\u010dajo digitalno obogateno do\u017eivljanje kulturne dedi\u0161\u010dine. Posebno pozornost bomo namenili tehnologiji obogatene resni\u010dnosti (AR) in v sodelovanju s podjetjem Art Rebel 9 d.o.o. razvili mobilno aplikacijo, ki bo obisk galerije popestrila z virtualnim sprehodom po stalni razstavi umetni\u0161kih del.<\/p>\n<p>Tekom projekta bomo razvili in izvedli tudi program razgibanih delavnic s podro\u010dja digitalne fotografije, kiparjenja in izdelovanja odlitkov ter 3D tiskanja. Identificirali in oblikovali bomo tri zna\u010dilne spominke Galerije likovnih samorastnikov Trebnje, ki jih bodo obiskovalci natisnili sami z uporabo 3D tiskalnika. Za predstavitev nove ponudbe bomo posneli promocijski video in oblikovali predstavitveno zlo\u017eenko. Rezultate projekta bomo predstavili tudi na zaklju\u010dnem dogodku v galeriji, ki ga bomo pripravili po realizaciji projektnih aktivnosti.<\/p>\n<p>S projektom VGLST bomo na obmo\u010dju LAS STIK oblikovali sodobne turisti\u010dne produkte, spodbujali uporabo inovativnih tehnolo\u0161kih orodij in sodobnih metod ter prispevali h krepitvi znanja in razvijanju socialnih ve\u0161\u010din ranljivih skupin.<\/p>\n<p>Ve\u010d informacij o projektu je na voljo <a href=\"https:\/\/ciktrebnje.si\/projekti\/virtualna-galerija-likovnih-samorastnikov-trebnje\/\" target=\"_blank\" rel=\"noopener\">tukaj<\/a>.<\/p>\n<p>&nbsp;<\/p>\n<div id=\"attachment_3852\" style=\"width: 310px\" class=\"wp-caption aligncenter\"><img loading=\"lazy\" decoding=\"async\" aria-describedby=\"caption-attachment-3852\" class=\"wp-image-3852 size-medium\" src=\"https:\/\/www.las-stik.si\/programsko-obdobje-2014-2020\/wp-content\/uploads\/2022\/07\/IMG_4149-300x173.jpg\" alt=\"\" width=\"300\" height=\"173\" srcset=\"https:\/\/www.las-stik.si\/programsko-obdobje-2014-2020\/wp-content\/uploads\/2022\/07\/IMG_4149-300x173.jpg 300w, https:\/\/www.las-stik.si\/programsko-obdobje-2014-2020\/wp-content\/uploads\/2022\/07\/IMG_4149-1024x591.jpg 1024w, https:\/\/www.las-stik.si\/programsko-obdobje-2014-2020\/wp-content\/uploads\/2022\/07\/IMG_4149-150x87.jpg 150w, https:\/\/www.las-stik.si\/programsko-obdobje-2014-2020\/wp-content\/uploads\/2022\/07\/IMG_4149-768x443.jpg 768w, https:\/\/www.las-stik.si\/programsko-obdobje-2014-2020\/wp-content\/uploads\/2022\/07\/IMG_4149-1536x887.jpg 1536w, https:\/\/www.las-stik.si\/programsko-obdobje-2014-2020\/wp-content\/uploads\/2022\/07\/IMG_4149-2048x1182.jpg 2048w\" sizes=\"(max-width: 300px) 100vw, 300px\" \/><p id=\"caption-attachment-3852\" class=\"wp-caption-text\">Foto: A. Lamov\u0161ek<\/p><\/div>\n<div id=\"attachment_3853\" style=\"width: 310px\" class=\"wp-caption aligncenter\"><img loading=\"lazy\" decoding=\"async\" aria-describedby=\"caption-attachment-3853\" class=\"wp-image-3853 size-medium\" src=\"https:\/\/www.las-stik.si\/programsko-obdobje-2014-2020\/wp-content\/uploads\/2022\/07\/IMG_4228-300x159.jpg\" alt=\"\" width=\"300\" height=\"159\" srcset=\"https:\/\/www.las-stik.si\/programsko-obdobje-2014-2020\/wp-content\/uploads\/2022\/07\/IMG_4228-300x159.jpg 300w, https:\/\/www.las-stik.si\/programsko-obdobje-2014-2020\/wp-content\/uploads\/2022\/07\/IMG_4228-1024x544.jpg 1024w, https:\/\/www.las-stik.si\/programsko-obdobje-2014-2020\/wp-content\/uploads\/2022\/07\/IMG_4228-150x80.jpg 150w, https:\/\/www.las-stik.si\/programsko-obdobje-2014-2020\/wp-content\/uploads\/2022\/07\/IMG_4228-768x408.jpg 768w, https:\/\/www.las-stik.si\/programsko-obdobje-2014-2020\/wp-content\/uploads\/2022\/07\/IMG_4228-1536x817.jpg 1536w, https:\/\/www.las-stik.si\/programsko-obdobje-2014-2020\/wp-content\/uploads\/2022\/07\/IMG_4228-2048x1089.jpg 2048w\" sizes=\"(max-width: 300px) 100vw, 300px\" \/><p id=\"caption-attachment-3853\" class=\"wp-caption-text\">Foto: A. Lamov\u0161ek<\/p><\/div>\n<div id=\"attachment_3854\" style=\"width: 310px\" class=\"wp-caption aligncenter\"><img loading=\"lazy\" decoding=\"async\" aria-describedby=\"caption-attachment-3854\" class=\"wp-image-3854 size-medium\" src=\"https:\/\/www.las-stik.si\/programsko-obdobje-2014-2020\/wp-content\/uploads\/2022\/07\/IMG_4229-300x139.jpg\" alt=\"\" width=\"300\" height=\"139\" srcset=\"https:\/\/www.las-stik.si\/programsko-obdobje-2014-2020\/wp-content\/uploads\/2022\/07\/IMG_4229-300x139.jpg 300w, https:\/\/www.las-stik.si\/programsko-obdobje-2014-2020\/wp-content\/uploads\/2022\/07\/IMG_4229-1024x476.jpg 1024w, https:\/\/www.las-stik.si\/programsko-obdobje-2014-2020\/wp-content\/uploads\/2022\/07\/IMG_4229-150x70.jpg 150w, https:\/\/www.las-stik.si\/programsko-obdobje-2014-2020\/wp-content\/uploads\/2022\/07\/IMG_4229-768x357.jpg 768w, https:\/\/www.las-stik.si\/programsko-obdobje-2014-2020\/wp-content\/uploads\/2022\/07\/IMG_4229-1536x714.jpg 1536w, https:\/\/www.las-stik.si\/programsko-obdobje-2014-2020\/wp-content\/uploads\/2022\/07\/IMG_4229-2048x951.jpg 2048w\" sizes=\"(max-width: 300px) 100vw, 300px\" \/><p id=\"caption-attachment-3854\" class=\"wp-caption-text\">Foto: A. Lamov\u0161ek<\/p><\/div>\n<p>&nbsp;<\/p>\n<p>&nbsp;<\/p>\n<p>&nbsp;<\/p>\n<p><img loading=\"lazy\" decoding=\"async\" class=\"aligncenter wp-image-3681 \" src=\"https:\/\/www.las-stik.si\/programsko-obdobje-2014-2020\/wp-content\/uploads\/2022\/01\/PRP-LEADER-EU-SLO-barvni-1024x253.jpg\" alt=\"\" width=\"517\" height=\"128\" srcset=\"https:\/\/www.las-stik.si\/programsko-obdobje-2014-2020\/wp-content\/uploads\/2022\/01\/PRP-LEADER-EU-SLO-barvni-1024x253.jpg 1024w, https:\/\/www.las-stik.si\/programsko-obdobje-2014-2020\/wp-content\/uploads\/2022\/01\/PRP-LEADER-EU-SLO-barvni-300x74.jpg 300w, https:\/\/www.las-stik.si\/programsko-obdobje-2014-2020\/wp-content\/uploads\/2022\/01\/PRP-LEADER-EU-SLO-barvni-150x37.jpg 150w, https:\/\/www.las-stik.si\/programsko-obdobje-2014-2020\/wp-content\/uploads\/2022\/01\/PRP-LEADER-EU-SLO-barvni-768x190.jpg 768w, https:\/\/www.las-stik.si\/programsko-obdobje-2014-2020\/wp-content\/uploads\/2022\/01\/PRP-LEADER-EU-SLO-barvni-1536x380.jpg 1536w, https:\/\/www.las-stik.si\/programsko-obdobje-2014-2020\/wp-content\/uploads\/2022\/01\/PRP-LEADER-EU-SLO-barvni-2048x507.jpg 2048w\" sizes=\"(max-width: 517px) 100vw, 517px\" \/><\/p>\n<p>&nbsp;<\/p>\n<p><img loading=\"lazy\" decoding=\"async\" class=\"aligncenter wp-image-3846 \" src=\"https:\/\/www.las-stik.si\/programsko-obdobje-2014-2020\/wp-content\/uploads\/2022\/07\/VGLST-1024x193.png\" alt=\"\" width=\"658\" height=\"124\" srcset=\"https:\/\/www.las-stik.si\/programsko-obdobje-2014-2020\/wp-content\/uploads\/2022\/07\/VGLST-1024x193.png 1024w, https:\/\/www.las-stik.si\/programsko-obdobje-2014-2020\/wp-content\/uploads\/2022\/07\/VGLST-300x56.png 300w, https:\/\/www.las-stik.si\/programsko-obdobje-2014-2020\/wp-content\/uploads\/2022\/07\/VGLST-150x28.png 150w, https:\/\/www.las-stik.si\/programsko-obdobje-2014-2020\/wp-content\/uploads\/2022\/07\/VGLST-768x144.png 768w, https:\/\/www.las-stik.si\/programsko-obdobje-2014-2020\/wp-content\/uploads\/2022\/07\/VGLST.png 1154w\" sizes=\"(max-width: 658px) 100vw, 658px\" \/><\/p>\n<p>&nbsp;<\/p>\n<p>&nbsp;<\/p>\n<p>&nbsp;<\/p>\n","protected":false},"excerpt":{"rendered":"<p>V GALERIJI LIKOVNIH SAMORASTNIKOV TREBNJE IZVAJAMO PROJEKT VIRTUALNA GALERIJA LIKOVNIH SAMORASTNIKOV TREBNJE: KULTURNA DEDI\u0160\u010cINA V OBOGATENI RESNI\u010cNOSTI V Galeriji likovnih samorastnikov Trebnje izvajamo projekt z naslovom Virtualna galerija likovnih samorastnikov Trebnje: kulturna dedi\u0161\u010dina v obogateni resni\u010dnosti (akronim VGLST). Projekt izvajamo skupaj s partnerjema Dru\u0161tvo likovnikov Trebnje in LBV, Luka Bregar s.p. Projekt VGLST je na\u010drtovan&hellip;<\/p>\n","protected":false},"author":2,"featured_media":0,"comment_status":"closed","ping_status":"closed","sticky":false,"template":"","format":"standard","meta":{"footnotes":""},"categories":[33],"tags":[],"_links":{"self":[{"href":"https:\/\/www.las-stik.si\/programsko-obdobje-2014-2020\/wp-json\/wp\/v2\/posts\/3851"}],"collection":[{"href":"https:\/\/www.las-stik.si\/programsko-obdobje-2014-2020\/wp-json\/wp\/v2\/posts"}],"about":[{"href":"https:\/\/www.las-stik.si\/programsko-obdobje-2014-2020\/wp-json\/wp\/v2\/types\/post"}],"author":[{"embeddable":true,"href":"https:\/\/www.las-stik.si\/programsko-obdobje-2014-2020\/wp-json\/wp\/v2\/users\/2"}],"replies":[{"embeddable":true,"href":"https:\/\/www.las-stik.si\/programsko-obdobje-2014-2020\/wp-json\/wp\/v2\/comments?post=3851"}],"version-history":[{"count":0,"href":"https:\/\/www.las-stik.si\/programsko-obdobje-2014-2020\/wp-json\/wp\/v2\/posts\/3851\/revisions"}],"wp:attachment":[{"href":"https:\/\/www.las-stik.si\/programsko-obdobje-2014-2020\/wp-json\/wp\/v2\/media?parent=3851"}],"wp:term":[{"taxonomy":"category","embeddable":true,"href":"https:\/\/www.las-stik.si\/programsko-obdobje-2014-2020\/wp-json\/wp\/v2\/categories?post=3851"},{"taxonomy":"post_tag","embeddable":true,"href":"https:\/\/www.las-stik.si\/programsko-obdobje-2014-2020\/wp-json\/wp\/v2\/tags?post=3851"}],"curies":[{"name":"wp","href":"https:\/\/api.w.org\/{rel}","templated":true}]}}