{"id":3859,"date":"2022-08-19T12:06:46","date_gmt":"2022-08-19T10:06:46","guid":{"rendered":"https:\/\/www.las-stik.si\/programsko-obdobje-2014-2020\/?p=3859"},"modified":"2022-08-19T12:06:46","modified_gmt":"2022-08-19T10:06:46","slug":"vabljeni-na-fit-festo-dozivljajski-park-cukarca","status":"publish","type":"post","link":"https:\/\/www.las-stik.si\/programsko-obdobje-2014-2020\/novice\/vabljeni-na-fit-festo-dozivljajski-park-cukarca\/","title":{"rendered":"VABLJENI NA FIT FE\u0160TO DO\u017dIVLJAJSKI PARK CUKARCA"},"content":{"rendered":"<p>Jutri v soboto 20. 8. 2022 partnerji projekta &#8220;Gozdna u\u010dna do\u017eivljajska pot s plezalno steno&#8221; vabijo v Park Cukarca na FIT FE\u0160TO.<\/p>\n<p>Pridru\u017eite se jim na mnogih delavnicah, ki bodo ta dan potekale brezpla\u010dno, kot na primer mini te\u010daji plezanja za otroke in odrasle, razli\u010dne oblike vodenih vadb, pravlji\u010dna gozdna joga za vso dru\u017eino, visenje na glavi med dvemi drevesi, &#8230;. \ud83d\ude09<\/p>\n<p>Ve\u010d informacij o dogodku najdete <a href=\"https:\/\/www.facebook.com\/parkcukarca\/\" target=\"_blank\" rel=\"noopener\">TUKAJ<\/a><\/p>\n<p>Ve\u010d informacij o projektu si lahko preberete <a href=\"https:\/\/www.onsite.si\/?page_id=2897(se%20odpre%20v%20novem%20zavihku\" target=\"_blank\" rel=\"noopener\">TUKAJ<\/a>.<\/p>\n<p>&nbsp;<\/p>\n<p>&nbsp;<\/p>\n","protected":false},"excerpt":{"rendered":"<p>Jutri v soboto 20. 8. 2022 partnerji projekta &#8220;Gozdna u\u010dna do\u017eivljajska pot s plezalno steno&#8221; vabijo v Park Cukarca na FIT FE\u0160TO. Pridru\u017eite se jim na mnogih delavnicah, ki bodo ta dan potekale brezpla\u010dno, kot na primer mini te\u010daji plezanja za otroke in odrasle, razli\u010dne oblike vodenih vadb, pravlji\u010dna gozdna joga za vso dru\u017eino, visenje&hellip;<\/p>\n","protected":false},"author":2,"featured_media":0,"comment_status":"closed","ping_status":"closed","sticky":false,"template":"","format":"standard","meta":{"footnotes":""},"categories":[33],"tags":[],"_links":{"self":[{"href":"https:\/\/www.las-stik.si\/programsko-obdobje-2014-2020\/wp-json\/wp\/v2\/posts\/3859"}],"collection":[{"href":"https:\/\/www.las-stik.si\/programsko-obdobje-2014-2020\/wp-json\/wp\/v2\/posts"}],"about":[{"href":"https:\/\/www.las-stik.si\/programsko-obdobje-2014-2020\/wp-json\/wp\/v2\/types\/post"}],"author":[{"embeddable":true,"href":"https:\/\/www.las-stik.si\/programsko-obdobje-2014-2020\/wp-json\/wp\/v2\/users\/2"}],"replies":[{"embeddable":true,"href":"https:\/\/www.las-stik.si\/programsko-obdobje-2014-2020\/wp-json\/wp\/v2\/comments?post=3859"}],"version-history":[{"count":0,"href":"https:\/\/www.las-stik.si\/programsko-obdobje-2014-2020\/wp-json\/wp\/v2\/posts\/3859\/revisions"}],"wp:attachment":[{"href":"https:\/\/www.las-stik.si\/programsko-obdobje-2014-2020\/wp-json\/wp\/v2\/media?parent=3859"}],"wp:term":[{"taxonomy":"category","embeddable":true,"href":"https:\/\/www.las-stik.si\/programsko-obdobje-2014-2020\/wp-json\/wp\/v2\/categories?post=3859"},{"taxonomy":"post_tag","embeddable":true,"href":"https:\/\/www.las-stik.si\/programsko-obdobje-2014-2020\/wp-json\/wp\/v2\/tags?post=3859"}],"curies":[{"name":"wp","href":"https:\/\/api.w.org\/{rel}","templated":true}]}}