{"id":3900,"date":"2022-09-05T14:12:40","date_gmt":"2022-09-05T12:12:40","guid":{"rendered":"https:\/\/www.las-stik.si\/programsko-obdobje-2014-2020\/?p=3900"},"modified":"2022-09-07T14:21:21","modified_gmt":"2022-09-07T12:21:21","slug":"konferenca-gorska-obmocja-in-gorski-proizvodi","status":"publish","type":"post","link":"https:\/\/www.las-stik.si\/programsko-obdobje-2014-2020\/novice\/konferenca-gorska-obmocja-in-gorski-proizvodi\/","title":{"rendered":"Konferenca Gorska obmo\u010dja in gorski proizvodi"},"content":{"rendered":"<p>Vabljeni na tematsko konferenco na hibridni na\u010din pod nazivom \u00bbGorska obmo\u010dja in gorski proizvodi\u00ab, ki bo potekala na Fakulteti za kmetijstvo in biosistemske vede Univerze v Mariboru v <strong>ponedeljek, 19.9.2022 ob 10. uri.<\/strong><\/p>\n<p>Program konference najdete <a href=\"https:\/\/www.las-stik.si\/programsko-obdobje-2014-2020\/wp-content\/uploads\/2022\/09\/Konferenca-Gorska-obmocja-in-gorski-proizvodi.pdf\" target=\"_blank\" rel=\"noopener\">tukaj<\/a>.<\/p>\n<p>Za vse udele\u017eence je potrebna predhodna prijava na elektronskem obrazcu <a href=\"https:\/\/docs.google.com\/forms\/d\/e\/1FAIpQLScOCy0AvBH0hp_fR9uvZzjdIwu-DgcZHkOaq_4qnF_HRbvKxQ\/viewform\">tukaj<\/a>.<\/p>\n<p>&nbsp;<\/p>\n<p><strong><em>Nekaj osnovnih informacij o konferenci in njenem namenu: <\/em><\/strong><\/p>\n<ul>\n<li>Konferenca bo trajala 2 uri<\/li>\n<li>Zagotovljen bo simultani prevod<\/li>\n<li>Sodelujejo predavatelji\/govorniki iz Slovenije, Francije in Belgije<\/li>\n<li>Predstavljene bodo dobre prakse uporabe neobvezne oznake kakovosti \u00bbGorski proizvod\u00ab<\/li>\n<\/ul>\n<p>Gorska obmo\u010dja predstavljajo 30,55% svetovne kopenske povr\u0161ine. Gorska obmo\u010dja so pomembna iz ekonomskega, socialnega in okoljskega vidika. Gorska obmo\u010dja zagotavljajo od 60 do 80 odstotkov sladke vode na Zemlji. Naravni in deloma naravni ekosistemi v gorah neposredno vplivajo na preostala obmo\u010dja. Na ravni EU predstavljajo gore pribli\u017eno 29% ozemlja v katerih \u017eivi 13% prebivalstva Evropske unije. Na nivoju Slovenije predstavlja gorska obmo\u010dja kar 72,3% celotnega ozemlja Republike Slovenije.<\/p>\n<p>&nbsp;<\/p>\n<p><img loading=\"lazy\" decoding=\"async\" class=\"aligncenter wp-image-3901 size-large\" src=\"https:\/\/www.las-stik.si\/programsko-obdobje-2014-2020\/wp-content\/uploads\/2022\/09\/gorski_proizvid_tematska_konferenca-1024x639.jpg\" alt=\"\" width=\"1024\" height=\"639\" srcset=\"https:\/\/www.las-stik.si\/programsko-obdobje-2014-2020\/wp-content\/uploads\/2022\/09\/gorski_proizvid_tematska_konferenca-1024x639.jpg 1024w, https:\/\/www.las-stik.si\/programsko-obdobje-2014-2020\/wp-content\/uploads\/2022\/09\/gorski_proizvid_tematska_konferenca-300x187.jpg 300w, https:\/\/www.las-stik.si\/programsko-obdobje-2014-2020\/wp-content\/uploads\/2022\/09\/gorski_proizvid_tematska_konferenca-150x94.jpg 150w, https:\/\/www.las-stik.si\/programsko-obdobje-2014-2020\/wp-content\/uploads\/2022\/09\/gorski_proizvid_tematska_konferenca-768x480.jpg 768w, https:\/\/www.las-stik.si\/programsko-obdobje-2014-2020\/wp-content\/uploads\/2022\/09\/gorski_proizvid_tematska_konferenca-1536x959.jpg 1536w, https:\/\/www.las-stik.si\/programsko-obdobje-2014-2020\/wp-content\/uploads\/2022\/09\/gorski_proizvid_tematska_konferenca-2048x1279.jpg 2048w\" sizes=\"(max-width: 1024px) 100vw, 1024px\" \/><\/p>\n","protected":false},"excerpt":{"rendered":"<p>Vabljeni na tematsko konferenco na hibridni na\u010din pod nazivom \u00bbGorska obmo\u010dja in gorski proizvodi\u00ab, ki bo potekala na Fakulteti za kmetijstvo in biosistemske vede Univerze v Mariboru v ponedeljek, 19.9.2022 ob 10. uri. Program konference najdete tukaj. Za vse udele\u017eence je potrebna predhodna prijava na elektronskem obrazcu tukaj. &nbsp; Nekaj osnovnih informacij o konferenci in&hellip;<\/p>\n","protected":false},"author":2,"featured_media":0,"comment_status":"closed","ping_status":"closed","sticky":false,"template":"","format":"standard","meta":{"footnotes":""},"categories":[33],"tags":[],"_links":{"self":[{"href":"https:\/\/www.las-stik.si\/programsko-obdobje-2014-2020\/wp-json\/wp\/v2\/posts\/3900"}],"collection":[{"href":"https:\/\/www.las-stik.si\/programsko-obdobje-2014-2020\/wp-json\/wp\/v2\/posts"}],"about":[{"href":"https:\/\/www.las-stik.si\/programsko-obdobje-2014-2020\/wp-json\/wp\/v2\/types\/post"}],"author":[{"embeddable":true,"href":"https:\/\/www.las-stik.si\/programsko-obdobje-2014-2020\/wp-json\/wp\/v2\/users\/2"}],"replies":[{"embeddable":true,"href":"https:\/\/www.las-stik.si\/programsko-obdobje-2014-2020\/wp-json\/wp\/v2\/comments?post=3900"}],"version-history":[{"count":0,"href":"https:\/\/www.las-stik.si\/programsko-obdobje-2014-2020\/wp-json\/wp\/v2\/posts\/3900\/revisions"}],"wp:attachment":[{"href":"https:\/\/www.las-stik.si\/programsko-obdobje-2014-2020\/wp-json\/wp\/v2\/media?parent=3900"}],"wp:term":[{"taxonomy":"category","embeddable":true,"href":"https:\/\/www.las-stik.si\/programsko-obdobje-2014-2020\/wp-json\/wp\/v2\/categories?post=3900"},{"taxonomy":"post_tag","embeddable":true,"href":"https:\/\/www.las-stik.si\/programsko-obdobje-2014-2020\/wp-json\/wp\/v2\/tags?post=3900"}],"curies":[{"name":"wp","href":"https:\/\/api.w.org\/{rel}","templated":true}]}}