{"id":3914,"date":"2022-10-18T10:08:33","date_gmt":"2022-10-18T08:08:33","guid":{"rendered":"https:\/\/www.las-stik.si\/programsko-obdobje-2014-2020\/?p=3914"},"modified":"2022-10-18T10:08:33","modified_gmt":"2022-10-18T08:08:33","slug":"kolesarjem-prijazni-ponudnik","status":"publish","type":"post","link":"https:\/\/www.las-stik.si\/programsko-obdobje-2014-2020\/novice\/kolesarjem-prijazni-ponudnik\/","title":{"rendered":"\u00bbKolesarjem prijazni ponudnik\u00ab"},"content":{"rendered":"<p>V okviru projekta sodelovanja \u00bbKolesarska veriga na pode\u017eelju\u00ab smo dne 23.9.2022 v dvorani STIK,\u00a0 v organizaciji LAS STIK\u00a0 in partnerja v projektu na obmo\u010dju LAS STIK, Ob\u010dine Trebnje,\u00a0 organizirali predstavitev koncepta certificiranja \u00bbKolesarjem prijazni ponudnik\u00ab.<\/p>\n<p>Predstavitve so se udele\u017eili ponudniki ve\u010dine ob\u010din z obmo\u010dja LAS STIK in so z velikim zanimanjem poslu\u0161ali ga. Andrej Zalokarja iz Studia Oreh, ki jim je predstavil Koncepte certificiranja \u00bbKolesarjem prijazni ponudnik\u00ab v Evropi\u00a0 in Sloveniji ter primerno opremo, pogoje in na\u010din prijave v sistem certificiranja.<\/p>\n<p>Po predstavitvi so se \u017ee nekateri ponudniki prijavili v postopek za morebitno pridobitev certifikata \u00bb Kolesarjem prijazni ponudnik\u00ab.<\/p>\n<p>Namen predstavitve je vzpostavitev kolesarjem prijazne ponudbo v nastanitvenih objektih, gosti\u0161\u010dih, kolesarskih servisih in vseh ostalih poslovnih subjektih, ki jih kolesarji lahko koristijo v \u010dasu svojega obiska na obmo\u010dju LAS STIK, torej v ob\u010dinah Trebnje, Dolenjske Toplice, \u017du\u017eemberk in Ivan\u010dna Gorica.<\/p>\n<p>Za dodatne informacije o mo\u017enostih vklju\u010ditve v postopek pridobitve certifikata \u00bb Kolesarjem prijazni ponudnik\u00ab kontaktirajte LAS STIK \u2013 <a href=\"mailto:las-stik@ciktrebnje.si\">las-stik@ciktrebnje.si<\/a>.<\/p>\n<p>\u00bbKolesarska veriga na pode\u017eelju\u00ab je projekt sodelovanja 11 slovenskih Lokalnih akcijskih skupin, vodilni partner projekta je LAS Gorenjska ko\u0161arica. Projekt je bil uspe\u0161no prijavljen na 5. javni razpis za podukrep 19.3 Priprava in izvajanje dejavnosti sodelovanja lokalne akcijske skupine Ministrstva za kmetijstvo, gozdarstvo in prehrano.<\/p>\n<p>Zapisala: Sanela Halilovi\u0107, koordinatorka<\/p>\n<p><img loading=\"lazy\" decoding=\"async\" class=\"alignnone size-medium wp-image-3916\" src=\"https:\/\/www.las-stik.si\/programsko-obdobje-2014-2020\/wp-content\/uploads\/2022\/10\/KVP-2-300x225.jpg\" alt=\"\" width=\"300\" height=\"225\" srcset=\"https:\/\/www.las-stik.si\/programsko-obdobje-2014-2020\/wp-content\/uploads\/2022\/10\/KVP-2-300x225.jpg 300w, https:\/\/www.las-stik.si\/programsko-obdobje-2014-2020\/wp-content\/uploads\/2022\/10\/KVP-2-1024x768.jpg 1024w, https:\/\/www.las-stik.si\/programsko-obdobje-2014-2020\/wp-content\/uploads\/2022\/10\/KVP-2-150x113.jpg 150w, https:\/\/www.las-stik.si\/programsko-obdobje-2014-2020\/wp-content\/uploads\/2022\/10\/KVP-2-768x576.jpg 768w, https:\/\/www.las-stik.si\/programsko-obdobje-2014-2020\/wp-content\/uploads\/2022\/10\/KVP-2-1536x1152.jpg 1536w, https:\/\/www.las-stik.si\/programsko-obdobje-2014-2020\/wp-content\/uploads\/2022\/10\/KVP-2-2048x1536.jpg 2048w\" sizes=\"(max-width: 300px) 100vw, 300px\" \/> \u00a0\u00a0\u00a0 <img loading=\"lazy\" decoding=\"async\" class=\"alignnone size-medium wp-image-3915\" src=\"https:\/\/www.las-stik.si\/programsko-obdobje-2014-2020\/wp-content\/uploads\/2022\/10\/KVP-1-300x225.jpg\" alt=\"\" width=\"300\" height=\"225\" srcset=\"https:\/\/www.las-stik.si\/programsko-obdobje-2014-2020\/wp-content\/uploads\/2022\/10\/KVP-1-300x225.jpg 300w, https:\/\/www.las-stik.si\/programsko-obdobje-2014-2020\/wp-content\/uploads\/2022\/10\/KVP-1-1024x768.jpg 1024w, https:\/\/www.las-stik.si\/programsko-obdobje-2014-2020\/wp-content\/uploads\/2022\/10\/KVP-1-150x113.jpg 150w, https:\/\/www.las-stik.si\/programsko-obdobje-2014-2020\/wp-content\/uploads\/2022\/10\/KVP-1-768x576.jpg 768w, https:\/\/www.las-stik.si\/programsko-obdobje-2014-2020\/wp-content\/uploads\/2022\/10\/KVP-1-1536x1152.jpg 1536w, https:\/\/www.las-stik.si\/programsko-obdobje-2014-2020\/wp-content\/uploads\/2022\/10\/KVP-1-2048x1536.jpg 2048w\" sizes=\"(max-width: 300px) 100vw, 300px\" \/><\/p>\n<p>&nbsp;<\/p>\n<p><img loading=\"lazy\" decoding=\"async\" class=\"aligncenter wp-image-3682 \" src=\"https:\/\/www.las-stik.si\/programsko-obdobje-2014-2020\/wp-content\/uploads\/2022\/01\/PRP-LEADER-EU-SLO-barvni-1-1024x253.jpg\" alt=\"\" width=\"619\" height=\"153\" srcset=\"https:\/\/www.las-stik.si\/programsko-obdobje-2014-2020\/wp-content\/uploads\/2022\/01\/PRP-LEADER-EU-SLO-barvni-1-1024x253.jpg 1024w, https:\/\/www.las-stik.si\/programsko-obdobje-2014-2020\/wp-content\/uploads\/2022\/01\/PRP-LEADER-EU-SLO-barvni-1-300x74.jpg 300w, https:\/\/www.las-stik.si\/programsko-obdobje-2014-2020\/wp-content\/uploads\/2022\/01\/PRP-LEADER-EU-SLO-barvni-1-150x37.jpg 150w, https:\/\/www.las-stik.si\/programsko-obdobje-2014-2020\/wp-content\/uploads\/2022\/01\/PRP-LEADER-EU-SLO-barvni-1-768x190.jpg 768w, https:\/\/www.las-stik.si\/programsko-obdobje-2014-2020\/wp-content\/uploads\/2022\/01\/PRP-LEADER-EU-SLO-barvni-1-1536x380.jpg 1536w, https:\/\/www.las-stik.si\/programsko-obdobje-2014-2020\/wp-content\/uploads\/2022\/01\/PRP-LEADER-EU-SLO-barvni-1-2048x507.jpg 2048w\" sizes=\"(max-width: 619px) 100vw, 619px\" \/><\/p>\n","protected":false},"excerpt":{"rendered":"<p>V okviru projekta sodelovanja \u00bbKolesarska veriga na pode\u017eelju\u00ab smo dne 23.9.2022 v dvorani STIK,\u00a0 v organizaciji LAS STIK\u00a0 in partnerja v projektu na obmo\u010dju LAS STIK, Ob\u010dine Trebnje,\u00a0 organizirali predstavitev koncepta certificiranja \u00bbKolesarjem prijazni ponudnik\u00ab. Predstavitve so se udele\u017eili ponudniki ve\u010dine ob\u010din z obmo\u010dja LAS STIK in so z velikim zanimanjem poslu\u0161ali ga. Andrej Zalokarja&hellip;<\/p>\n","protected":false},"author":2,"featured_media":0,"comment_status":"closed","ping_status":"closed","sticky":false,"template":"","format":"standard","meta":{"footnotes":""},"categories":[33],"tags":[],"_links":{"self":[{"href":"https:\/\/www.las-stik.si\/programsko-obdobje-2014-2020\/wp-json\/wp\/v2\/posts\/3914"}],"collection":[{"href":"https:\/\/www.las-stik.si\/programsko-obdobje-2014-2020\/wp-json\/wp\/v2\/posts"}],"about":[{"href":"https:\/\/www.las-stik.si\/programsko-obdobje-2014-2020\/wp-json\/wp\/v2\/types\/post"}],"author":[{"embeddable":true,"href":"https:\/\/www.las-stik.si\/programsko-obdobje-2014-2020\/wp-json\/wp\/v2\/users\/2"}],"replies":[{"embeddable":true,"href":"https:\/\/www.las-stik.si\/programsko-obdobje-2014-2020\/wp-json\/wp\/v2\/comments?post=3914"}],"version-history":[{"count":0,"href":"https:\/\/www.las-stik.si\/programsko-obdobje-2014-2020\/wp-json\/wp\/v2\/posts\/3914\/revisions"}],"wp:attachment":[{"href":"https:\/\/www.las-stik.si\/programsko-obdobje-2014-2020\/wp-json\/wp\/v2\/media?parent=3914"}],"wp:term":[{"taxonomy":"category","embeddable":true,"href":"https:\/\/www.las-stik.si\/programsko-obdobje-2014-2020\/wp-json\/wp\/v2\/categories?post=3914"},{"taxonomy":"post_tag","embeddable":true,"href":"https:\/\/www.las-stik.si\/programsko-obdobje-2014-2020\/wp-json\/wp\/v2\/tags?post=3914"}],"curies":[{"name":"wp","href":"https:\/\/api.w.org\/{rel}","templated":true}]}}