{"id":3919,"date":"2022-10-20T13:03:58","date_gmt":"2022-10-20T11:03:58","guid":{"rendered":"https:\/\/www.las-stik.si\/programsko-obdobje-2014-2020\/?p=3919"},"modified":"2022-10-24T13:12:50","modified_gmt":"2022-10-24T11:12:50","slug":"zakljucni-dogodek-projekta-sodelovanja-kolesarska-veriga-na-podezelju","status":"publish","type":"post","link":"https:\/\/www.las-stik.si\/programsko-obdobje-2014-2020\/novice\/zakljucni-dogodek-projekta-sodelovanja-kolesarska-veriga-na-podezelju\/","title":{"rendered":"Zaklju\u010dni dogodek projekta sodelovanja Kolesarska veriga na pode\u017eelju"},"content":{"rendered":"<p>V okviru projekta sodelovanja <strong>\u00bbKolesarska veriga na pode\u017eelju\u00ab,<\/strong> ki povezuje kar 11 slovenskih Lokalnih akcijskih skupin in 24 ob\u010din in se po\u010dasi zaklju\u010duje, sta se dne 6. 10. 2022 predstavnika\u00a0 <strong>LAS STIK<\/strong> in partnerja na obmo\u010dju LAS STIK, <strong>Ob\u010dine Trebnje<\/strong> skupaj s predstavniki \u0161e 10 partnerskih LAS vklju\u010denih v projekt, udele\u017eila zaklju\u010dnega promocijskega dogodka, ki je potekal v prostorih Kongresnega centra Brdo pri Kranju.<\/p>\n<p><strong>Dogodek, ki ga je povezoval An\u017ee Zevnik, je potekal v dveh sklopih:<\/strong><\/p>\n<p>V prvem delu so si udele\u017eenci, na dvori\u0161\u010du kongresnega centra ogledali pestro paleto koles iz razli\u010dnih sistemov izposoje, ki so zdru\u017eeni v skupni aplikaciji mobiln.si. Preizkusili so lahko najnovej\u0161e modele elektri\u010dnih koles in najsodobnej\u0161e modele elektri\u010dnih pripomo\u010dkov in opreme za gibalno ovirane osebe.<\/p>\n<p>V drugem delu so udele\u017eencem predstavljeni pomen prenosa dobrih praks sistema izposoje koles, razvoj sistema izposoje v regijah, izzive povezovanja ob\u010din v enotne sisteme in prednosti projektov sodelovanja v okviru Programa razvoja pode\u017eelja, pomen skrbnega in celostnega na\u010drtovanja prometnih politik, ki vklju\u010duje tudi ume\u0161\u010danje mre\u017ee za izposojo koles na najbolj frekventnih lokacijah, sistem certificiranja v Sloveniji in po dr\u017eavah Evropske unije ter model certificiranja, ki je uporabljen v tem projektu skupaj z analizo izvedenih delavnic v okviru sistema certificiranja.<\/p>\n<p>Predstavnica vodilnega partnerja projekta LAS Gorenjska ko\u0161arica je predstavila projekt, v sklopu katerega je bilo postavljenih 39 novih postaj s skupno 90 navadnimi in 87 elektri\u010dnimi kolesi mestnega tipa in vzpostavljeno zdru\u017eevanje posameznih sistemov v enoten, kompatibilen sistem, ki bo nudil kar najbolj\u0161o uporabni\u0161ko izku\u0161njo vsem uporabnikom.<\/p>\n<p>Na dogodku je predstavljen tudi izdelan <strong>promocijski video, <\/strong>ki je izdelan v okviru projekta. Video si lahko ogledate <strong><a href=\"https:\/\/www.youtube.com\/watch?v=yZPjsxIhhCE\" target=\"_blank\" rel=\"noopener\"><em>TUKAJ<\/em><\/a>.<\/strong><\/p>\n<p>Dogodek je zaklju\u010den z dru\u017eenjem v ambientu kongresnega centra in Parka Brdo ter ob testnih vo\u017enjah s kolesi in pripomo\u010dki za gibalno ovirane<\/p>\n<p>Projekt sodelovanja \u00bb Kolesarska veriga na pode\u017eelju\u00ab sofinancirata Evropska unija iz Evropskega kmetijskega sklada za razvoj pode\u017eelja, pristop CLLD \u2013 izvajanje lokalnega razvoja, ki ga vodi skupnost, in Republika Slovenija v okviru Programa razvoja pode\u017eelja 2014\u20132020, iz podukrepa 19.3 Priprava in izvajanje dejavnosti sodelovanja lokalne akcijske skupine.<\/p>\n<p>Zapisala: Sanela Halilovi\u0107<\/p>\n<p>&nbsp;<\/p>\n<p><img loading=\"lazy\" decoding=\"async\" class=\"alignnone size-medium wp-image-3923\" src=\"https:\/\/www.las-stik.si\/programsko-obdobje-2014-2020\/wp-content\/uploads\/2022\/10\/IMG_7504-225x300.jpg\" alt=\"\" width=\"225\" height=\"300\" srcset=\"https:\/\/www.las-stik.si\/programsko-obdobje-2014-2020\/wp-content\/uploads\/2022\/10\/IMG_7504-225x300.jpg 225w, https:\/\/www.las-stik.si\/programsko-obdobje-2014-2020\/wp-content\/uploads\/2022\/10\/IMG_7504-768x1024.jpg 768w, https:\/\/www.las-stik.si\/programsko-obdobje-2014-2020\/wp-content\/uploads\/2022\/10\/IMG_7504-113x150.jpg 113w, https:\/\/www.las-stik.si\/programsko-obdobje-2014-2020\/wp-content\/uploads\/2022\/10\/IMG_7504-1152x1536.jpg 1152w, https:\/\/www.las-stik.si\/programsko-obdobje-2014-2020\/wp-content\/uploads\/2022\/10\/IMG_7504-1536x2048.jpg 1536w, https:\/\/www.las-stik.si\/programsko-obdobje-2014-2020\/wp-content\/uploads\/2022\/10\/IMG_7504-scaled.jpg 1920w\" sizes=\"(max-width: 225px) 100vw, 225px\" \/>\u00a0 <img loading=\"lazy\" decoding=\"async\" class=\"alignnone size-medium wp-image-3924\" src=\"https:\/\/www.las-stik.si\/programsko-obdobje-2014-2020\/wp-content\/uploads\/2022\/10\/IMG_7516-300x225.jpg\" alt=\"\" width=\"300\" height=\"225\" srcset=\"https:\/\/www.las-stik.si\/programsko-obdobje-2014-2020\/wp-content\/uploads\/2022\/10\/IMG_7516-300x225.jpg 300w, https:\/\/www.las-stik.si\/programsko-obdobje-2014-2020\/wp-content\/uploads\/2022\/10\/IMG_7516-1024x768.jpg 1024w, https:\/\/www.las-stik.si\/programsko-obdobje-2014-2020\/wp-content\/uploads\/2022\/10\/IMG_7516-150x113.jpg 150w, https:\/\/www.las-stik.si\/programsko-obdobje-2014-2020\/wp-content\/uploads\/2022\/10\/IMG_7516-768x576.jpg 768w, https:\/\/www.las-stik.si\/programsko-obdobje-2014-2020\/wp-content\/uploads\/2022\/10\/IMG_7516-1536x1152.jpg 1536w, https:\/\/www.las-stik.si\/programsko-obdobje-2014-2020\/wp-content\/uploads\/2022\/10\/IMG_7516-2048x1536.jpg 2048w\" sizes=\"(max-width: 300px) 100vw, 300px\" \/> <img loading=\"lazy\" decoding=\"async\" class=\"alignnone size-medium wp-image-3921\" src=\"https:\/\/www.las-stik.si\/programsko-obdobje-2014-2020\/wp-content\/uploads\/2022\/10\/20221006_140251-300x225.jpg\" alt=\"\" width=\"300\" height=\"225\" srcset=\"https:\/\/www.las-stik.si\/programsko-obdobje-2014-2020\/wp-content\/uploads\/2022\/10\/20221006_140251-300x225.jpg 300w, https:\/\/www.las-stik.si\/programsko-obdobje-2014-2020\/wp-content\/uploads\/2022\/10\/20221006_140251-1024x768.jpg 1024w, https:\/\/www.las-stik.si\/programsko-obdobje-2014-2020\/wp-content\/uploads\/2022\/10\/20221006_140251-150x113.jpg 150w, https:\/\/www.las-stik.si\/programsko-obdobje-2014-2020\/wp-content\/uploads\/2022\/10\/20221006_140251-768x576.jpg 768w, https:\/\/www.las-stik.si\/programsko-obdobje-2014-2020\/wp-content\/uploads\/2022\/10\/20221006_140251-1536x1152.jpg 1536w, https:\/\/www.las-stik.si\/programsko-obdobje-2014-2020\/wp-content\/uploads\/2022\/10\/20221006_140251-2048x1536.jpg 2048w\" sizes=\"(max-width: 300px) 100vw, 300px\" \/>\u00a0 <img loading=\"lazy\" decoding=\"async\" class=\"alignnone size-medium wp-image-3922\" src=\"https:\/\/www.las-stik.si\/programsko-obdobje-2014-2020\/wp-content\/uploads\/2022\/10\/20221006_142518-300x225.jpg\" alt=\"\" width=\"300\" height=\"225\" srcset=\"https:\/\/www.las-stik.si\/programsko-obdobje-2014-2020\/wp-content\/uploads\/2022\/10\/20221006_142518-300x225.jpg 300w, https:\/\/www.las-stik.si\/programsko-obdobje-2014-2020\/wp-content\/uploads\/2022\/10\/20221006_142518-1024x768.jpg 1024w, https:\/\/www.las-stik.si\/programsko-obdobje-2014-2020\/wp-content\/uploads\/2022\/10\/20221006_142518-150x113.jpg 150w, https:\/\/www.las-stik.si\/programsko-obdobje-2014-2020\/wp-content\/uploads\/2022\/10\/20221006_142518-768x576.jpg 768w, https:\/\/www.las-stik.si\/programsko-obdobje-2014-2020\/wp-content\/uploads\/2022\/10\/20221006_142518-1536x1152.jpg 1536w, https:\/\/www.las-stik.si\/programsko-obdobje-2014-2020\/wp-content\/uploads\/2022\/10\/20221006_142518-2048x1536.jpg 2048w\" sizes=\"(max-width: 300px) 100vw, 300px\" \/><\/p>\n<p>&nbsp;<\/p>\n<p><img loading=\"lazy\" decoding=\"async\" class=\"aligncenter wp-image-3681 \" src=\"https:\/\/www.las-stik.si\/programsko-obdobje-2014-2020\/wp-content\/uploads\/2022\/01\/PRP-LEADER-EU-SLO-barvni-1024x253.jpg\" alt=\"\" width=\"506\" height=\"125\" srcset=\"https:\/\/www.las-stik.si\/programsko-obdobje-2014-2020\/wp-content\/uploads\/2022\/01\/PRP-LEADER-EU-SLO-barvni-1024x253.jpg 1024w, https:\/\/www.las-stik.si\/programsko-obdobje-2014-2020\/wp-content\/uploads\/2022\/01\/PRP-LEADER-EU-SLO-barvni-300x74.jpg 300w, https:\/\/www.las-stik.si\/programsko-obdobje-2014-2020\/wp-content\/uploads\/2022\/01\/PRP-LEADER-EU-SLO-barvni-150x37.jpg 150w, https:\/\/www.las-stik.si\/programsko-obdobje-2014-2020\/wp-content\/uploads\/2022\/01\/PRP-LEADER-EU-SLO-barvni-768x190.jpg 768w, https:\/\/www.las-stik.si\/programsko-obdobje-2014-2020\/wp-content\/uploads\/2022\/01\/PRP-LEADER-EU-SLO-barvni-1536x380.jpg 1536w, https:\/\/www.las-stik.si\/programsko-obdobje-2014-2020\/wp-content\/uploads\/2022\/01\/PRP-LEADER-EU-SLO-barvni-2048x507.jpg 2048w\" sizes=\"(max-width: 506px) 100vw, 506px\" \/><\/p>\n","protected":false},"excerpt":{"rendered":"<p>V okviru projekta sodelovanja \u00bbKolesarska veriga na pode\u017eelju\u00ab, ki povezuje kar 11 slovenskih Lokalnih akcijskih skupin in 24 ob\u010din in se po\u010dasi zaklju\u010duje, sta se dne 6. 10. 2022 predstavnika\u00a0 LAS STIK in partnerja na obmo\u010dju LAS STIK, Ob\u010dine Trebnje skupaj s predstavniki \u0161e 10 partnerskih LAS vklju\u010denih v projekt, udele\u017eila zaklju\u010dnega promocijskega dogodka, ki&hellip;<\/p>\n","protected":false},"author":2,"featured_media":0,"comment_status":"closed","ping_status":"closed","sticky":false,"template":"","format":"standard","meta":{"footnotes":""},"categories":[33],"tags":[],"_links":{"self":[{"href":"https:\/\/www.las-stik.si\/programsko-obdobje-2014-2020\/wp-json\/wp\/v2\/posts\/3919"}],"collection":[{"href":"https:\/\/www.las-stik.si\/programsko-obdobje-2014-2020\/wp-json\/wp\/v2\/posts"}],"about":[{"href":"https:\/\/www.las-stik.si\/programsko-obdobje-2014-2020\/wp-json\/wp\/v2\/types\/post"}],"author":[{"embeddable":true,"href":"https:\/\/www.las-stik.si\/programsko-obdobje-2014-2020\/wp-json\/wp\/v2\/users\/2"}],"replies":[{"embeddable":true,"href":"https:\/\/www.las-stik.si\/programsko-obdobje-2014-2020\/wp-json\/wp\/v2\/comments?post=3919"}],"version-history":[{"count":0,"href":"https:\/\/www.las-stik.si\/programsko-obdobje-2014-2020\/wp-json\/wp\/v2\/posts\/3919\/revisions"}],"wp:attachment":[{"href":"https:\/\/www.las-stik.si\/programsko-obdobje-2014-2020\/wp-json\/wp\/v2\/media?parent=3919"}],"wp:term":[{"taxonomy":"category","embeddable":true,"href":"https:\/\/www.las-stik.si\/programsko-obdobje-2014-2020\/wp-json\/wp\/v2\/categories?post=3919"},{"taxonomy":"post_tag","embeddable":true,"href":"https:\/\/www.las-stik.si\/programsko-obdobje-2014-2020\/wp-json\/wp\/v2\/tags?post=3919"}],"curies":[{"name":"wp","href":"https:\/\/api.w.org\/{rel}","templated":true}]}}