{"id":3926,"date":"2022-10-24T13:31:59","date_gmt":"2022-10-24T11:31:59","guid":{"rendered":"https:\/\/www.las-stik.si\/programsko-obdobje-2014-2020\/?p=3926"},"modified":"2022-10-25T12:01:35","modified_gmt":"2022-10-25T10:01:35","slug":"pomen-trajnostne-mobilnosti-vabilo","status":"publish","type":"post","link":"https:\/\/www.las-stik.si\/programsko-obdobje-2014-2020\/novice\/pomen-trajnostne-mobilnosti-vabilo\/","title":{"rendered":"POMEN TRAJNOSTNE MOBILNOSTI &#8211; vabilo v Trebnje in Vi\u0161njo Goro"},"content":{"rendered":"<p>V okviru projekta \u00a0sodelovanja \u00bbKolesarska veriga na pode\u017eelju\u00ab vabljeni <strong>na predstavitev POMENA TRAJNOSTNE MOBILNOSTI, <\/strong>ki bo v <strong><em>sredo, 26.10.2022<\/em><\/strong><em> <strong>\u00a0od 9.00 do 10.30<\/strong><\/em><strong> ure na CIK TREBNJE, predavalnica II, Kidri\u010deva 2, Trebnje <\/strong>in v <strong><em>sredo 26.10.2022<\/em><\/strong><em> <strong>\u00a0od 12.00 do 13.30<\/strong><\/em><strong> ure v Hi\u0161i Kranjske \u010debele, Mestni trg 2, Vi\u0161nja Gora.<\/strong><\/p>\n<p><img loading=\"lazy\" decoding=\"async\" class=\"wp-image-3929 aligncenter\" src=\"https:\/\/www.las-stik.si\/programsko-obdobje-2014-2020\/wp-content\/uploads\/2022\/10\/KVP-Trebnje-vabilo_26_10_2022_page-0001-730x1024.jpg\" alt=\"\" width=\"488\" height=\"685\" srcset=\"https:\/\/www.las-stik.si\/programsko-obdobje-2014-2020\/wp-content\/uploads\/2022\/10\/KVP-Trebnje-vabilo_26_10_2022_page-0001-730x1024.jpg 730w, https:\/\/www.las-stik.si\/programsko-obdobje-2014-2020\/wp-content\/uploads\/2022\/10\/KVP-Trebnje-vabilo_26_10_2022_page-0001-214x300.jpg 214w, https:\/\/www.las-stik.si\/programsko-obdobje-2014-2020\/wp-content\/uploads\/2022\/10\/KVP-Trebnje-vabilo_26_10_2022_page-0001-107x150.jpg 107w, https:\/\/www.las-stik.si\/programsko-obdobje-2014-2020\/wp-content\/uploads\/2022\/10\/KVP-Trebnje-vabilo_26_10_2022_page-0001-768x1077.jpg 768w, https:\/\/www.las-stik.si\/programsko-obdobje-2014-2020\/wp-content\/uploads\/2022\/10\/KVP-Trebnje-vabilo_26_10_2022_page-0001-1095x1536.jpg 1095w, https:\/\/www.las-stik.si\/programsko-obdobje-2014-2020\/wp-content\/uploads\/2022\/10\/KVP-Trebnje-vabilo_26_10_2022_page-0001.jpg 1278w\" sizes=\"(max-width: 488px) 100vw, 488px\" \/><img loading=\"lazy\" decoding=\"async\" class=\"wp-image-3930 aligncenter\" src=\"https:\/\/www.las-stik.si\/programsko-obdobje-2014-2020\/wp-content\/uploads\/2022\/10\/KVP-Visnja-Gora_vabilo_26_10_2022_page-0001-730x1024.jpg\" alt=\"\" width=\"493\" height=\"692\" srcset=\"https:\/\/www.las-stik.si\/programsko-obdobje-2014-2020\/wp-content\/uploads\/2022\/10\/KVP-Visnja-Gora_vabilo_26_10_2022_page-0001-730x1024.jpg 730w, https:\/\/www.las-stik.si\/programsko-obdobje-2014-2020\/wp-content\/uploads\/2022\/10\/KVP-Visnja-Gora_vabilo_26_10_2022_page-0001-214x300.jpg 214w, https:\/\/www.las-stik.si\/programsko-obdobje-2014-2020\/wp-content\/uploads\/2022\/10\/KVP-Visnja-Gora_vabilo_26_10_2022_page-0001-107x150.jpg 107w, https:\/\/www.las-stik.si\/programsko-obdobje-2014-2020\/wp-content\/uploads\/2022\/10\/KVP-Visnja-Gora_vabilo_26_10_2022_page-0001-768x1077.jpg 768w, https:\/\/www.las-stik.si\/programsko-obdobje-2014-2020\/wp-content\/uploads\/2022\/10\/KVP-Visnja-Gora_vabilo_26_10_2022_page-0001-1095x1536.jpg 1095w, https:\/\/www.las-stik.si\/programsko-obdobje-2014-2020\/wp-content\/uploads\/2022\/10\/KVP-Visnja-Gora_vabilo_26_10_2022_page-0001.jpg 1278w\" sizes=\"(max-width: 493px) 100vw, 493px\" \/><\/p>\n<p>&nbsp;<\/p>\n<p><strong><em>V okviru predstavitve, v 1.delu programa vam\u00a0 bo g. Andrej\u00a0 Zalokar iz Studia Oreh predstavil, kaj trenutno vemo o trajnostni mobilnosti. Predstavljeno vam bo zgodovinsko ozadje, pregled dokumentov lokalnih skupnosti in\u00a0 ukrepov povezanih z razli\u010dnimi ciljnimi skupinami na obmo\u010dju LAS STIK.<\/em><\/strong><\/p>\n<p><strong><em>V 2. delu programa\u00a0 vam bo predstavljena\u00a0 trajnostna mobilnosti v praksi in boste naredili Korak naprej: izvedeli boste,\u00a0 kako spremeniti svoje potovalne navade, ogledali si boste predstavitev\u00a0 zlo\u017eljivega E-kolesa in kolesa, predstavljen vam bo sistem izposoje koles, ki je vzpostavljen na obmo\u010dju celotne Slovenije, predstavitev opreme za la\u017eje gibanje gibalno oviranih oseb in lahko boste prakti\u010dno preizkusili predstavljeno opremo.<\/em><\/strong><\/p>\n<p>&nbsp;<\/p>\n<p><strong>Prijava\u00a0 in informacije\u00a0 <u>do 25. 10. 2022<\/u> na el. naslov: <a href=\"mailto:sanela.halilovic@ciktrebnje.si\">sanela.halilovic@ciktrebnje.si<\/a> ali <a href=\"mailto:las-stik@ciktrebnje.si\">las-stik@ciktrebnje.si<\/a>, tel. : 07 34 82 103, mob. : 031 672 737; <\/strong><\/p>\n<p>&nbsp;<\/p>\n<p>\u00bbKolesarska veriga na pode\u017eelju\u00ab je projekt sodelovanja 11 slovenskih Lokalnih akcijskih skupin, vodilni partner projekta je LAS Gorenjska ko\u0161arica. Projekt je bil uspe\u0161no prijavljen na 5. javni razpis za podukrep 19.3 Priprava in izvajanje dejavnosti sodelovanja lokalne akcijske skupine Ministrstva za kmetijstvo, gozdarstvo in prehrano.<\/p>\n<p>&nbsp;<\/p>\n<p><strong>Vljudno vabljeni!<\/strong><\/p>\n<p>&nbsp;<\/p>\n<p>&nbsp;<\/p>\n<p>&nbsp;<\/p>\n","protected":false},"excerpt":{"rendered":"<p>V okviru projekta \u00a0sodelovanja \u00bbKolesarska veriga na pode\u017eelju\u00ab vabljeni na predstavitev POMENA TRAJNOSTNE MOBILNOSTI, ki bo v sredo, 26.10.2022 \u00a0od 9.00 do 10.30 ure na CIK TREBNJE, predavalnica II, Kidri\u010deva 2, Trebnje in v sredo 26.10.2022 \u00a0od 12.00 do 13.30 ure v Hi\u0161i Kranjske \u010debele, Mestni trg 2, Vi\u0161nja Gora. &nbsp; V okviru predstavitve, v&hellip;<\/p>\n","protected":false},"author":2,"featured_media":0,"comment_status":"closed","ping_status":"closed","sticky":false,"template":"","format":"standard","meta":{"footnotes":""},"categories":[33],"tags":[],"_links":{"self":[{"href":"https:\/\/www.las-stik.si\/programsko-obdobje-2014-2020\/wp-json\/wp\/v2\/posts\/3926"}],"collection":[{"href":"https:\/\/www.las-stik.si\/programsko-obdobje-2014-2020\/wp-json\/wp\/v2\/posts"}],"about":[{"href":"https:\/\/www.las-stik.si\/programsko-obdobje-2014-2020\/wp-json\/wp\/v2\/types\/post"}],"author":[{"embeddable":true,"href":"https:\/\/www.las-stik.si\/programsko-obdobje-2014-2020\/wp-json\/wp\/v2\/users\/2"}],"replies":[{"embeddable":true,"href":"https:\/\/www.las-stik.si\/programsko-obdobje-2014-2020\/wp-json\/wp\/v2\/comments?post=3926"}],"version-history":[{"count":0,"href":"https:\/\/www.las-stik.si\/programsko-obdobje-2014-2020\/wp-json\/wp\/v2\/posts\/3926\/revisions"}],"wp:attachment":[{"href":"https:\/\/www.las-stik.si\/programsko-obdobje-2014-2020\/wp-json\/wp\/v2\/media?parent=3926"}],"wp:term":[{"taxonomy":"category","embeddable":true,"href":"https:\/\/www.las-stik.si\/programsko-obdobje-2014-2020\/wp-json\/wp\/v2\/categories?post=3926"},{"taxonomy":"post_tag","embeddable":true,"href":"https:\/\/www.las-stik.si\/programsko-obdobje-2014-2020\/wp-json\/wp\/v2\/tags?post=3926"}],"curies":[{"name":"wp","href":"https:\/\/api.w.org\/{rel}","templated":true}]}}