{"id":3983,"date":"2023-01-20T12:44:23","date_gmt":"2023-01-20T11:44:23","guid":{"rendered":"https:\/\/www.las-stik.si\/programsko-obdobje-2014-2020\/?p=3983"},"modified":"2023-01-20T12:44:23","modified_gmt":"2023-01-20T11:44:23","slug":"vabilo-za-sodelovanje-v-lokalni-akcijski-skupini-suhe-krajine-temenice-in-krke-las-stik-v-programskem-obdobju-2021-2027","status":"publish","type":"post","link":"https:\/\/www.las-stik.si\/programsko-obdobje-2014-2020\/novice\/vabilo-za-sodelovanje-v-lokalni-akcijski-skupini-suhe-krajine-temenice-in-krke-las-stik-v-programskem-obdobju-2021-2027\/","title":{"rendered":"Vabilo za sodelovanje v Lokalni akcijski skupini Suhe krajine, Temenice in Krke (LAS STIK) v programskem obdobju 2021-2027"},"content":{"rendered":"<p style=\"text-align: center;\"><strong>K sodelovanju vabimo vse obstoje\u010de \u010dlane LAS STIK in vse ostale zainteresirane, ki bi \u017eeleli aktivno sodelovati v LAS. \u010clani pogodbenega partnerstva LAS STIK so lahko predstavniki javnih in zasebnih subjektov s stalnim prebivali\u0161\u010dem, sede\u017eem in izpostavo na obmo\u010dju ob\u010din Dolenjske Toplice, Ivan\u010dna Gorica, Trebnje in \u017du\u017eemberk.<\/strong><\/p>\n<p style=\"text-align: center;\">Ve\u010d informacij najdete <a href=\"https:\/\/www.las-stik.si\/programsko-obdobje-2014-2020\/programsko-obdobje-2021-2027\/\"><strong>TUKAJ<\/strong><\/a>.<\/p>\n","protected":false},"excerpt":{"rendered":"<p>K sodelovanju vabimo vse obstoje\u010de \u010dlane LAS STIK in vse ostale zainteresirane, ki bi \u017eeleli aktivno sodelovati v LAS. \u010clani pogodbenega partnerstva LAS STIK so lahko predstavniki javnih in zasebnih subjektov s stalnim prebivali\u0161\u010dem, sede\u017eem in izpostavo na obmo\u010dju ob\u010din Dolenjske Toplice, Ivan\u010dna Gorica, Trebnje in \u017du\u017eemberk. Ve\u010d informacij najdete TUKAJ.<\/p>\n","protected":false},"author":2,"featured_media":0,"comment_status":"closed","ping_status":"closed","sticky":false,"template":"","format":"standard","meta":{"footnotes":""},"categories":[33],"tags":[],"_links":{"self":[{"href":"https:\/\/www.las-stik.si\/programsko-obdobje-2014-2020\/wp-json\/wp\/v2\/posts\/3983"}],"collection":[{"href":"https:\/\/www.las-stik.si\/programsko-obdobje-2014-2020\/wp-json\/wp\/v2\/posts"}],"about":[{"href":"https:\/\/www.las-stik.si\/programsko-obdobje-2014-2020\/wp-json\/wp\/v2\/types\/post"}],"author":[{"embeddable":true,"href":"https:\/\/www.las-stik.si\/programsko-obdobje-2014-2020\/wp-json\/wp\/v2\/users\/2"}],"replies":[{"embeddable":true,"href":"https:\/\/www.las-stik.si\/programsko-obdobje-2014-2020\/wp-json\/wp\/v2\/comments?post=3983"}],"version-history":[{"count":0,"href":"https:\/\/www.las-stik.si\/programsko-obdobje-2014-2020\/wp-json\/wp\/v2\/posts\/3983\/revisions"}],"wp:attachment":[{"href":"https:\/\/www.las-stik.si\/programsko-obdobje-2014-2020\/wp-json\/wp\/v2\/media?parent=3983"}],"wp:term":[{"taxonomy":"category","embeddable":true,"href":"https:\/\/www.las-stik.si\/programsko-obdobje-2014-2020\/wp-json\/wp\/v2\/categories?post=3983"},{"taxonomy":"post_tag","embeddable":true,"href":"https:\/\/www.las-stik.si\/programsko-obdobje-2014-2020\/wp-json\/wp\/v2\/tags?post=3983"}],"curies":[{"name":"wp","href":"https:\/\/api.w.org\/{rel}","templated":true}]}}