{"id":3991,"date":"2023-02-03T09:42:51","date_gmt":"2023-02-03T08:42:51","guid":{"rendered":"https:\/\/www.las-stik.si\/programsko-obdobje-2014-2020\/?p=3991"},"modified":"2023-02-03T10:17:45","modified_gmt":"2023-02-03T09:17:45","slug":"vabilo-na-delavnice-za-pripravo-strategije-lokalnega-razvoja-las-suhe-krajine-temenice-in-krke-las-stik-za-novo-programsko-obdobju-do-2027","status":"publish","type":"post","link":"https:\/\/www.las-stik.si\/programsko-obdobje-2014-2020\/novice\/vabilo-na-delavnice-za-pripravo-strategije-lokalnega-razvoja-las-suhe-krajine-temenice-in-krke-las-stik-za-novo-programsko-obdobju-do-2027\/","title":{"rendered":"Vabilo na delavnice za pripravo Strategije lokalnega razvoja LAS Suhe krajine, Temenice in Krke (LAS STIK) za novo programsko obdobju do 2027"},"content":{"rendered":"<p>Ministrstvo za kmetijstvo, gozdarstvo in prehrano je 23. decembra 2022 v Uradnem listu objavilo Javni poziv za oblikovanje lokalnih akcijskih skupin in pripravo strategij lokalnega razvoja do leta 2027 in Uredbo o delovanju lokalnih akcijskih skupin in potrditvi strategij lokalnega razvoja za programsko obdobje do leta 2027.<\/p>\n<p>V skladu s tem se <strong>mora LAS STIK za novo programsko obdobje na novo oblikovati in pripraviti Strategijo lokalnega razvoja za programsko obdobje do leta 2027<\/strong>. Da bo strategija izhajala iz dejanskih potreb okolja vas vabimo, da se udele\u017eite delavnic, ki se bodo v ta namen izvajale na obmo\u010dju LAS.<\/p>\n<p>Z vklju\u010devanjem prebivalstva in drugih lokalnih akterjev, ki vplivajo na \u017eivljenje in delo zajetega obmo\u010dja, lahko dose\u017eemo spremembe na bolje. Enakopravno sodelovanje med partnerji ustvarja povezanost in vodi v aktivno re\u0161evanje problemov na lokalnem nivoju.<\/p>\n<p>Delavnice bo LAS izvedel v sodelovanju z Izr. prof. dr. Marjetko Rangus, Prodekanko za izobra\u017eevalno dejavnost, Univerza v Mariboru, Fakulteta za turizem.<\/p>\n<p><strong>Vljudno vabljeni k sodelovanju ter tako aktivno prispevajte k pripravi nove strategije LAS STIK<\/strong>:<\/p>\n<table>\n<tbody>\n<tr>\n<td width=\"160\"><strong>Datum<\/strong><\/td>\n<td width=\"123\"><strong>Ura<\/strong><\/td>\n<td width=\"265\"><strong>Kraj<\/strong><\/td>\n<\/tr>\n<tr>\n<td width=\"160\">ponedeljek,<strong> 13. 2. 2023<\/strong><\/td>\n<td width=\"123\">17.00 \u2013 18.30<\/td>\n<td width=\"265\"><strong>\u017du\u017eemberk<\/strong>, sejna soba Ob\u010dine \u017du\u017eemberk, Grajski trg 26<\/td>\n<\/tr>\n<tr>\n<td width=\"160\">torek,<strong> 14. 2. 2023<\/strong><\/td>\n<td width=\"123\">17.00 \u2013 18.30<\/td>\n<td width=\"265\"><strong>Dolenjske Toplice<\/strong>, Kulturno-kongresni center Dolenjske Toplice, II. nadstropje, sejna soba<\/td>\n<\/tr>\n<tr>\n<td width=\"160\">Ponedeljek,<strong> 20. 2 .2023<\/strong><\/td>\n<td width=\"123\">17.00 \u2013 18.30<\/td>\n<td width=\"265\"><strong>Ivan\u010dna Gorica<\/strong>, sejna soba Ob\u010dine Ivan\u010dna Gorica, Sokolska 5<\/td>\n<\/tr>\n<tr>\n<td width=\"160\">sreda, <strong>22. 2. 2023<\/strong><\/td>\n<td width=\"123\">17.00 \u2013 18.30<\/td>\n<td width=\"265\"><strong>Trebnje<\/strong>, CIK Trebnje, Kidri\u010deva ulica 2<\/p>\n<p>II. nadstropje\/u\u010dilnica 4<\/td>\n<\/tr>\n<\/tbody>\n<\/table>\n<p>&nbsp;<\/p>\n<p>V kolikor se delavnic ne morete udele\u017eiti vas vabimo k sodelovanju, tako da nam po\u0161ljete va\u0161o projektno idejo na prilo\u017eenem <a href=\"https:\/\/www.las-stik.si\/programsko-obdobje-2014-2020\/wp-content\/uploads\/2023\/02\/Projektni-obrazec_SLR-LAS-STIK-do-2027.docx\" target=\"_blank\" rel=\"noopener\">projektnem obrazcu<\/a>.<\/p>\n<p>Za ve\u010d informacij kontaktirajte pisarno LAS STIK na telefon 07 34 82 103 ali elektronsko po\u0161to <a href=\"mailto:las-stik@ciktrebnje.si\">las-stik@ciktrebnje.si<\/a>. \u00a0Vabljeni tudi k spremljanju spletne strani LAS: <a href=\"https:\/\/www.las-stik.si\/programsko-obdobje-2014-2020\">www.las-stik.si<\/a>.<\/p>\n<p>&nbsp;<\/p>\n<ul>\n<li><a href=\"https:\/\/www.las-stik.si\/programsko-obdobje-2014-2020\/wp-content\/uploads\/2023\/02\/Projektni-obrazec_SLR-LAS-STIK-do-2027.docx\" target=\"_blank\" rel=\"noopener\">PROJEKTNI OBRAZEC<\/a><\/li>\n<\/ul>\n<p>&nbsp;<\/p>\n<p><a href=\"https:\/\/www.las-stik.si\/programsko-obdobje-2014-2020\/programsko-obdobje-2021-2027\/\" target=\"_blank\" rel=\"noopener\"><img loading=\"lazy\" decoding=\"async\" class=\"aligncenter wp-image-3987 size-full\" src=\"https:\/\/www.las-stik.si\/programsko-obdobje-2014-2020\/wp-content\/uploads\/2023\/02\/skp.png\" alt=\"\" width=\"850\" height=\"143\" srcset=\"https:\/\/www.las-stik.si\/programsko-obdobje-2014-2020\/wp-content\/uploads\/2023\/02\/skp.png 850w, https:\/\/www.las-stik.si\/programsko-obdobje-2014-2020\/wp-content\/uploads\/2023\/02\/skp-300x50.png 300w, https:\/\/www.las-stik.si\/programsko-obdobje-2014-2020\/wp-content\/uploads\/2023\/02\/skp-150x25.png 150w, https:\/\/www.las-stik.si\/programsko-obdobje-2014-2020\/wp-content\/uploads\/2023\/02\/skp-768x129.png 768w\" sizes=\"(max-width: 850px) 100vw, 850px\" \/><\/a><\/p>\n","protected":false},"excerpt":{"rendered":"<p>Ministrstvo za kmetijstvo, gozdarstvo in prehrano je 23. decembra 2022 v Uradnem listu objavilo Javni poziv za oblikovanje lokalnih akcijskih skupin in pripravo strategij lokalnega razvoja do leta 2027 in Uredbo o delovanju lokalnih akcijskih skupin in potrditvi strategij lokalnega razvoja za programsko obdobje do leta 2027. V skladu s tem se mora LAS STIK&hellip;<\/p>\n","protected":false},"author":2,"featured_media":0,"comment_status":"closed","ping_status":"closed","sticky":false,"template":"","format":"standard","meta":{"footnotes":""},"categories":[33],"tags":[],"_links":{"self":[{"href":"https:\/\/www.las-stik.si\/programsko-obdobje-2014-2020\/wp-json\/wp\/v2\/posts\/3991"}],"collection":[{"href":"https:\/\/www.las-stik.si\/programsko-obdobje-2014-2020\/wp-json\/wp\/v2\/posts"}],"about":[{"href":"https:\/\/www.las-stik.si\/programsko-obdobje-2014-2020\/wp-json\/wp\/v2\/types\/post"}],"author":[{"embeddable":true,"href":"https:\/\/www.las-stik.si\/programsko-obdobje-2014-2020\/wp-json\/wp\/v2\/users\/2"}],"replies":[{"embeddable":true,"href":"https:\/\/www.las-stik.si\/programsko-obdobje-2014-2020\/wp-json\/wp\/v2\/comments?post=3991"}],"version-history":[{"count":0,"href":"https:\/\/www.las-stik.si\/programsko-obdobje-2014-2020\/wp-json\/wp\/v2\/posts\/3991\/revisions"}],"wp:attachment":[{"href":"https:\/\/www.las-stik.si\/programsko-obdobje-2014-2020\/wp-json\/wp\/v2\/media?parent=3991"}],"wp:term":[{"taxonomy":"category","embeddable":true,"href":"https:\/\/www.las-stik.si\/programsko-obdobje-2014-2020\/wp-json\/wp\/v2\/categories?post=3991"},{"taxonomy":"post_tag","embeddable":true,"href":"https:\/\/www.las-stik.si\/programsko-obdobje-2014-2020\/wp-json\/wp\/v2\/tags?post=3991"}],"curies":[{"name":"wp","href":"https:\/\/api.w.org\/{rel}","templated":true}]}}