{"id":4008,"date":"2023-05-11T15:39:15","date_gmt":"2023-05-11T13:39:15","guid":{"rendered":"https:\/\/www.las-stik.si\/programsko-obdobje-2014-2020\/?p=4008"},"modified":"2023-05-11T15:40:24","modified_gmt":"2023-05-11T13:40:24","slug":"vabilo-na-delavnico-aktivni-mtb-voznik","status":"publish","type":"post","link":"https:\/\/www.las-stik.si\/programsko-obdobje-2014-2020\/novice\/vabilo-na-delavnico-aktivni-mtb-voznik\/","title":{"rendered":"Vabilo na delavnico &#8211; aktivni MTB voznik"},"content":{"rendered":"<p style=\"text-align: center;\">V okviru projekta <a href=\"https:\/\/www.las-stik.si\/programsko-obdobje-2014-2020\/projekti\/skupaj-za-varni-jutr\/\" target=\"_blank\" rel=\"noopener\">Skupaj za varni jutri<\/a> vas vabimo na delavnico <strong>aktivni MTB voznik z \u017digo Pandurjem<\/strong>.<\/p>\n<p style=\"text-align: center;\">19. 5. 2023, 16.00-18.00, Do\u017eivljajski park <a href=\"https:\/\/cukarca.si\/wp\/\" target=\"_blank\" rel=\"noopener\">Cukarca<\/a> (Petru\u0161nja vas 37, \u0160entvid pri Sti\u010dni)<\/p>\n<p style=\"text-align: center;\">Delavnica je za udele\u017eence brezpla\u010dna.<\/p>\n<p style=\"text-align: center;\">Na delavnico se je potrebno prijaviti <a href=\"https:\/\/docs.google.com\/forms\/d\/e\/1FAIpQLSeV_TDMke69laBjYLnjNqJkUHtqDVOputeFVkmdONwJjuU3-A\/viewform\" target=\"_blank\" rel=\"noopener\">TUKAJ<\/a><\/p>\n<p>&nbsp;<\/p>\n<p><img loading=\"lazy\" decoding=\"async\" class=\"aligncenter wp-image-4010 \" src=\"https:\/\/www.las-stik.si\/programsko-obdobje-2014-2020\/wp-content\/uploads\/2023\/05\/Aktivni-MTB-voznik_vabilo-1024x1024.png\" alt=\"\" width=\"666\" height=\"666\" srcset=\"https:\/\/www.las-stik.si\/programsko-obdobje-2014-2020\/wp-content\/uploads\/2023\/05\/Aktivni-MTB-voznik_vabilo-1024x1024.png 1024w, https:\/\/www.las-stik.si\/programsko-obdobje-2014-2020\/wp-content\/uploads\/2023\/05\/Aktivni-MTB-voznik_vabilo-300x300.png 300w, https:\/\/www.las-stik.si\/programsko-obdobje-2014-2020\/wp-content\/uploads\/2023\/05\/Aktivni-MTB-voznik_vabilo-150x150.png 150w, https:\/\/www.las-stik.si\/programsko-obdobje-2014-2020\/wp-content\/uploads\/2023\/05\/Aktivni-MTB-voznik_vabilo-768x768.png 768w, https:\/\/www.las-stik.si\/programsko-obdobje-2014-2020\/wp-content\/uploads\/2023\/05\/Aktivni-MTB-voznik_vabilo.png 1080w\" sizes=\"(max-width: 666px) 100vw, 666px\" \/><\/p>\n","protected":false},"excerpt":{"rendered":"<p>V okviru projekta Skupaj za varni jutri vas vabimo na delavnico aktivni MTB voznik z \u017digo Pandurjem. 19. 5. 2023, 16.00-18.00, Do\u017eivljajski park Cukarca (Petru\u0161nja vas 37, \u0160entvid pri Sti\u010dni) Delavnica je za udele\u017eence brezpla\u010dna. Na delavnico se je potrebno prijaviti TUKAJ &nbsp;<\/p>\n","protected":false},"author":2,"featured_media":0,"comment_status":"closed","ping_status":"closed","sticky":false,"template":"","format":"standard","meta":{"footnotes":""},"categories":[33],"tags":[],"_links":{"self":[{"href":"https:\/\/www.las-stik.si\/programsko-obdobje-2014-2020\/wp-json\/wp\/v2\/posts\/4008"}],"collection":[{"href":"https:\/\/www.las-stik.si\/programsko-obdobje-2014-2020\/wp-json\/wp\/v2\/posts"}],"about":[{"href":"https:\/\/www.las-stik.si\/programsko-obdobje-2014-2020\/wp-json\/wp\/v2\/types\/post"}],"author":[{"embeddable":true,"href":"https:\/\/www.las-stik.si\/programsko-obdobje-2014-2020\/wp-json\/wp\/v2\/users\/2"}],"replies":[{"embeddable":true,"href":"https:\/\/www.las-stik.si\/programsko-obdobje-2014-2020\/wp-json\/wp\/v2\/comments?post=4008"}],"version-history":[{"count":0,"href":"https:\/\/www.las-stik.si\/programsko-obdobje-2014-2020\/wp-json\/wp\/v2\/posts\/4008\/revisions"}],"wp:attachment":[{"href":"https:\/\/www.las-stik.si\/programsko-obdobje-2014-2020\/wp-json\/wp\/v2\/media?parent=4008"}],"wp:term":[{"taxonomy":"category","embeddable":true,"href":"https:\/\/www.las-stik.si\/programsko-obdobje-2014-2020\/wp-json\/wp\/v2\/categories?post=4008"},{"taxonomy":"post_tag","embeddable":true,"href":"https:\/\/www.las-stik.si\/programsko-obdobje-2014-2020\/wp-json\/wp\/v2\/tags?post=4008"}],"curies":[{"name":"wp","href":"https:\/\/api.w.org\/{rel}","templated":true}]}}