{"id":4019,"date":"2023-06-02T13:20:14","date_gmt":"2023-06-02T11:20:14","guid":{"rendered":"https:\/\/www.las-stik.si\/programsko-obdobje-2014-2020\/?p=4019"},"modified":"2023-06-02T13:23:31","modified_gmt":"2023-06-02T11:23:31","slug":"v-okviru-projekta-skupaj-za-varni-jutri-izvedli-zakljucni-dogodek-dan-zdravja","status":"publish","type":"post","link":"https:\/\/www.las-stik.si\/programsko-obdobje-2014-2020\/novice\/v-okviru-projekta-skupaj-za-varni-jutri-izvedli-zakljucni-dogodek-dan-zdravja\/","title":{"rendered":"V OKVIRU PROJEKTA SKUPAJ ZA VARNI JUTRI IZVEDLI ZAKLJU\u010cNI DOGODEK &#8220;DAN ZDRAVJA&#8221;"},"content":{"rendered":"<p>&nbsp;<\/p>\n<p style=\"text-align: center;\"><strong><img loading=\"lazy\" decoding=\"async\" class=\"alignnone wp-image-3680\" src=\"https:\/\/www.las-stik.si\/programsko-obdobje-2014-2020\/wp-content\/uploads\/2022\/01\/Za-varni-JU3-barvni-300x230.png\" alt=\"\" width=\"202\" height=\"155\" srcset=\"https:\/\/www.las-stik.si\/programsko-obdobje-2014-2020\/wp-content\/uploads\/2022\/01\/Za-varni-JU3-barvni-300x230.png 300w, https:\/\/www.las-stik.si\/programsko-obdobje-2014-2020\/wp-content\/uploads\/2022\/01\/Za-varni-JU3-barvni-150x115.png 150w, https:\/\/www.las-stik.si\/programsko-obdobje-2014-2020\/wp-content\/uploads\/2022\/01\/Za-varni-JU3-barvni-768x588.png 768w, https:\/\/www.las-stik.si\/programsko-obdobje-2014-2020\/wp-content\/uploads\/2022\/01\/Za-varni-JU3-barvni.png 969w\" sizes=\"(max-width: 202px) 100vw, 202px\" \/><\/strong><\/p>\n<p>Na svetovni dan \u0161porta je v sredo 31. maja 2023 potekala prireditev <strong>\u00bbDAN ZDRAVJA<\/strong>\u00ab, ki sta jo organizirali <strong>Ob\u010dina Ivan\u010dna Goric<\/strong>a in <strong>Lokalna akcijska skupina Suhe krajine, Temenice in Krke<\/strong> (LAS STIK) v okviru projekta sodelovanja <strong>SKUPAJ ZA VARNI JUTRI<\/strong>. Poleg LAS STIK in Ob\u010dine Ivan\u010dna Gorica je v projektu sodelovala \u0161e Ob\u010dina Trebnje.<\/p>\n<p>Ker gre za projekt sodelovanja, so se dogodka udele\u017eili tudi predstavniki \u0161tirih partnerskih lokalnih akcijskih skupin iz razli\u010dnih obmo\u010dij Slovenije \u2013 LAS Me\u017ei\u0161ke doline, LAS Dolenjske in Bele krajine, LAS po poteh dedi\u0161\u010dine od Turjaka do Kolpe in LAS Zasavje.<\/p>\n<p>Dogodek se je pri\u010del s pohodom iz Ivan\u010dne Gorice do Lavri\u010deve ko\u010de na Gradi\u0161\u010du, kjer so okoli 40 pohodnikov, katerih dobro voljo ni zmotilo de\u017eevno vreme, pri\u010dakali s flacati in kavo. Nato so pot nadaljevali do Parka Cukarca, kjer so \u017ee \u010dakali ostali udele\u017eenci.<\/p>\n<p>V <strong>Parku Cukarca<\/strong>, ki se nahaja v \u010dudoviti naravi in ponuja razli\u010dne mo\u017enosti pre\u017eivljanja aktivnega \u010dasa, so se nato razvile razli\u010dne aktivnosti, ki so poudarjale pomen zdravja in zdravega na\u010dina \u017eivljenja. Predstavila se je \u0160ola zdravja in udele\u017eence dodobra \u00bbrazmigala\u00ab, izvajale so se razli\u010dne preventivne meritve, usposabljanja za uporabo AED, svoje spretnosti pa so lahko udele\u017eenci preizkusili v adrenalinskem parku, na plezalni steni, vo\u017enjo s kolesom ali sprehodom po gozdni do\u017eivljajski u\u010dni poti. Predstavili so se tudi lokalni ponudniki in Zakladi ko\u010devske z zdravimi prigrizki iz lokalno pridelane hrane in knji\u017eico receptov zdravih prigrizkov in malic, ki so jo pripravili v okviru projekta. Zbrane je na zaklju\u010dnem dogodku nagovoril in pozdravil tudi <strong>\u017eupan Du\u0161an Strnad<\/strong>, ki je pohvalil delovanje Lokalne akcijske skupine STIK v katero so poleg ob\u010dine Ivan\u010dna Gorica vklju\u010dene \u0161e ob\u010dine Trebnje, \u017du\u017eemberk in Dolenjske Toplice. Podrobno sta projekt predstavili \u0161e direktorica ob\u010dinske uprave <strong>dr. Andreja Mi\u0161e Glavi\u010d<\/strong> in koordinatorka LAS STIK <strong>Liljana Omerzu<\/strong>. Udele\u017eence je nagovorila \u0161e <strong>Viktorija Barbi\u010d<\/strong> iz LAS Me\u017ei\u0161ke doline, ki je predstavila pomen projekta in sodelovanja.<\/p>\n<p>V okviru projekta \u00bbSkupaj za varni jutri\u00ab, ki se zaklju\u010duje, so se na obmo\u010dju partnerskih LAS raz\u0161irile in dopolnile \u017ee obstoje\u010de mre\u017ee javno dostopnih AED aparatov. Name\u0161\u010denih je bilo 94 AED aparatov od nega na obmo\u010dju LAS STIK 23 (<strong>13 na obmo\u010dju ob\u010dine Ivan\u010dna Gorica<\/strong> in <strong>10 na obmo\u010dju ob\u010dine Trebnje<\/strong>). Nabavljeni so bili u\u010dni kompleti in izvedenih je bilo preko 500 razli\u010dnih te\u010dajev, delavnic in usposabljanj v katerih je bilo vklju\u010denih cca. 5000 udele\u017eencev. <strong>Na obmo\u010dju LAS STIK je bilo izvedenih 90 osnovnih usposabljanj in 23 raz\u0161irjenih usposabljanj TPO in uporabe AED ter \u0161est delavnic osve\u0161\u010danja prebivalcev o razli\u010dnih mo\u017enostih zdravega na\u010dina \u017eivljenja.<\/strong><\/p>\n<p>&nbsp;<\/p>\n<p style=\"text-align: center;\">Dogodek je obiskala tudi <strong>televizija Va\u0161 kanal<\/strong>. Prispevek si lahko ogledate <a href=\"https:\/\/vaskanal.com\/dan-zdravja-v-ivancni-gorici\/\" target=\"_blank\" rel=\"noopener\"><strong>TUKAJ<\/strong><\/a><strong>.<\/strong><\/p>\n<p>&nbsp;<\/p>\n<p><img loading=\"lazy\" decoding=\"async\" class=\"aligncenter wp-image-4020 size-full\" src=\"https:\/\/www.las-stik.si\/programsko-obdobje-2014-2020\/wp-content\/uploads\/2023\/06\/SVJZ_logotipi.png\" alt=\"\" width=\"825\" height=\"91\" srcset=\"https:\/\/www.las-stik.si\/programsko-obdobje-2014-2020\/wp-content\/uploads\/2023\/06\/SVJZ_logotipi.png 825w, https:\/\/www.las-stik.si\/programsko-obdobje-2014-2020\/wp-content\/uploads\/2023\/06\/SVJZ_logotipi-300x33.png 300w, https:\/\/www.las-stik.si\/programsko-obdobje-2014-2020\/wp-content\/uploads\/2023\/06\/SVJZ_logotipi-150x17.png 150w, https:\/\/www.las-stik.si\/programsko-obdobje-2014-2020\/wp-content\/uploads\/2023\/06\/SVJZ_logotipi-768x85.png 768w\" sizes=\"(max-width: 825px) 100vw, 825px\" \/><\/p>\n<p>&nbsp;<\/p>\n<p>&nbsp;<\/p>\n<p><img loading=\"lazy\" decoding=\"async\" class=\"alignleft wp-image-4021\" src=\"https:\/\/www.las-stik.si\/programsko-obdobje-2014-2020\/wp-content\/uploads\/2023\/06\/DSC_7281-1024x684.jpg\" alt=\"\" width=\"583\" height=\"389\" srcset=\"https:\/\/www.las-stik.si\/programsko-obdobje-2014-2020\/wp-content\/uploads\/2023\/06\/DSC_7281-1024x684.jpg 1024w, https:\/\/www.las-stik.si\/programsko-obdobje-2014-2020\/wp-content\/uploads\/2023\/06\/DSC_7281-300x200.jpg 300w, https:\/\/www.las-stik.si\/programsko-obdobje-2014-2020\/wp-content\/uploads\/2023\/06\/DSC_7281-150x100.jpg 150w, https:\/\/www.las-stik.si\/programsko-obdobje-2014-2020\/wp-content\/uploads\/2023\/06\/DSC_7281-768x513.jpg 768w, https:\/\/www.las-stik.si\/programsko-obdobje-2014-2020\/wp-content\/uploads\/2023\/06\/DSC_7281-1536x1025.jpg 1536w, https:\/\/www.las-stik.si\/programsko-obdobje-2014-2020\/wp-content\/uploads\/2023\/06\/DSC_7281-2048x1367.jpg 2048w\" sizes=\"(max-width: 583px) 100vw, 583px\" \/><img loading=\"lazy\" decoding=\"async\" class=\"alignnone wp-image-4023\" src=\"https:\/\/www.las-stik.si\/programsko-obdobje-2014-2020\/wp-content\/uploads\/2023\/06\/DSC_7290-1024x684.jpg\" alt=\"\" width=\"587\" height=\"392\" srcset=\"https:\/\/www.las-stik.si\/programsko-obdobje-2014-2020\/wp-content\/uploads\/2023\/06\/DSC_7290-1024x684.jpg 1024w, https:\/\/www.las-stik.si\/programsko-obdobje-2014-2020\/wp-content\/uploads\/2023\/06\/DSC_7290-300x200.jpg 300w, https:\/\/www.las-stik.si\/programsko-obdobje-2014-2020\/wp-content\/uploads\/2023\/06\/DSC_7290-150x100.jpg 150w, https:\/\/www.las-stik.si\/programsko-obdobje-2014-2020\/wp-content\/uploads\/2023\/06\/DSC_7290-768x513.jpg 768w, https:\/\/www.las-stik.si\/programsko-obdobje-2014-2020\/wp-content\/uploads\/2023\/06\/DSC_7290-1536x1025.jpg 1536w, https:\/\/www.las-stik.si\/programsko-obdobje-2014-2020\/wp-content\/uploads\/2023\/06\/DSC_7290-2048x1367.jpg 2048w\" sizes=\"(max-width: 587px) 100vw, 587px\" \/><\/p>\n<p>&nbsp;<\/p>\n<p><img loading=\"lazy\" decoding=\"async\" class=\"alignleft wp-image-4024 \" src=\"https:\/\/www.las-stik.si\/programsko-obdobje-2014-2020\/wp-content\/uploads\/2023\/06\/DSC_7297-1024x684.jpg\" alt=\"\" width=\"586\" height=\"391\" srcset=\"https:\/\/www.las-stik.si\/programsko-obdobje-2014-2020\/wp-content\/uploads\/2023\/06\/DSC_7297-1024x684.jpg 1024w, https:\/\/www.las-stik.si\/programsko-obdobje-2014-2020\/wp-content\/uploads\/2023\/06\/DSC_7297-300x200.jpg 300w, https:\/\/www.las-stik.si\/programsko-obdobje-2014-2020\/wp-content\/uploads\/2023\/06\/DSC_7297-150x100.jpg 150w, https:\/\/www.las-stik.si\/programsko-obdobje-2014-2020\/wp-content\/uploads\/2023\/06\/DSC_7297-768x513.jpg 768w, https:\/\/www.las-stik.si\/programsko-obdobje-2014-2020\/wp-content\/uploads\/2023\/06\/DSC_7297-1536x1025.jpg 1536w, https:\/\/www.las-stik.si\/programsko-obdobje-2014-2020\/wp-content\/uploads\/2023\/06\/DSC_7297-2048x1367.jpg 2048w\" sizes=\"(max-width: 586px) 100vw, 586px\" \/><\/p>\n<p><img loading=\"lazy\" decoding=\"async\" class=\"wp-image-4026 alignleft\" src=\"https:\/\/www.las-stik.si\/programsko-obdobje-2014-2020\/wp-content\/uploads\/2023\/06\/DSC_7316-1024x684.jpg\" alt=\"\" width=\"593\" height=\"396\" srcset=\"https:\/\/www.las-stik.si\/programsko-obdobje-2014-2020\/wp-content\/uploads\/2023\/06\/DSC_7316-1024x684.jpg 1024w, https:\/\/www.las-stik.si\/programsko-obdobje-2014-2020\/wp-content\/uploads\/2023\/06\/DSC_7316-300x200.jpg 300w, https:\/\/www.las-stik.si\/programsko-obdobje-2014-2020\/wp-content\/uploads\/2023\/06\/DSC_7316-150x100.jpg 150w, https:\/\/www.las-stik.si\/programsko-obdobje-2014-2020\/wp-content\/uploads\/2023\/06\/DSC_7316-768x513.jpg 768w, https:\/\/www.las-stik.si\/programsko-obdobje-2014-2020\/wp-content\/uploads\/2023\/06\/DSC_7316-1536x1025.jpg 1536w, https:\/\/www.las-stik.si\/programsko-obdobje-2014-2020\/wp-content\/uploads\/2023\/06\/DSC_7316-2048x1367.jpg 2048w\" sizes=\"(max-width: 593px) 100vw, 593px\" \/><\/p>\n<p>&nbsp;<\/p>\n<p>&nbsp;<\/p>\n<p>&nbsp;<\/p>\n<p>&nbsp;<\/p>\n<p><img loading=\"lazy\" decoding=\"async\" class=\"wp-image-4028 alignleft\" src=\"https:\/\/www.las-stik.si\/programsko-obdobje-2014-2020\/wp-content\/uploads\/2023\/06\/DSC_7477-1024x684.jpg\" alt=\"\" width=\"587\" height=\"392\" srcset=\"https:\/\/www.las-stik.si\/programsko-obdobje-2014-2020\/wp-content\/uploads\/2023\/06\/DSC_7477-1024x684.jpg 1024w, https:\/\/www.las-stik.si\/programsko-obdobje-2014-2020\/wp-content\/uploads\/2023\/06\/DSC_7477-300x200.jpg 300w, https:\/\/www.las-stik.si\/programsko-obdobje-2014-2020\/wp-content\/uploads\/2023\/06\/DSC_7477-150x100.jpg 150w, https:\/\/www.las-stik.si\/programsko-obdobje-2014-2020\/wp-content\/uploads\/2023\/06\/DSC_7477-768x513.jpg 768w, https:\/\/www.las-stik.si\/programsko-obdobje-2014-2020\/wp-content\/uploads\/2023\/06\/DSC_7477-1536x1025.jpg 1536w, https:\/\/www.las-stik.si\/programsko-obdobje-2014-2020\/wp-content\/uploads\/2023\/06\/DSC_7477-2048x1367.jpg 2048w\" sizes=\"(max-width: 587px) 100vw, 587px\" \/><\/p>\n<p>&nbsp;<\/p>\n<p>&nbsp;<\/p>\n<p>&nbsp;<\/p>\n<p>&nbsp;<\/p>\n<p>&nbsp;<\/p>\n<p>&nbsp;<\/p>\n<p>&nbsp;<\/p>\n<p>&nbsp;<\/p>\n<p><img loading=\"lazy\" decoding=\"async\" class=\"alignnone wp-image-4027 \" src=\"https:\/\/www.las-stik.si\/programsko-obdobje-2014-2020\/wp-content\/uploads\/2023\/06\/DSC_7352-1024x684.jpg\" alt=\"\" width=\"591\" height=\"395\" srcset=\"https:\/\/www.las-stik.si\/programsko-obdobje-2014-2020\/wp-content\/uploads\/2023\/06\/DSC_7352-1024x684.jpg 1024w, https:\/\/www.las-stik.si\/programsko-obdobje-2014-2020\/wp-content\/uploads\/2023\/06\/DSC_7352-300x200.jpg 300w, https:\/\/www.las-stik.si\/programsko-obdobje-2014-2020\/wp-content\/uploads\/2023\/06\/DSC_7352-150x100.jpg 150w, https:\/\/www.las-stik.si\/programsko-obdobje-2014-2020\/wp-content\/uploads\/2023\/06\/DSC_7352-768x513.jpg 768w, https:\/\/www.las-stik.si\/programsko-obdobje-2014-2020\/wp-content\/uploads\/2023\/06\/DSC_7352-1536x1025.jpg 1536w, https:\/\/www.las-stik.si\/programsko-obdobje-2014-2020\/wp-content\/uploads\/2023\/06\/DSC_7352-2048x1367.jpg 2048w\" sizes=\"(max-width: 591px) 100vw, 591px\" \/><\/p>\n<p>Foto: Ga\u0161per Stopar<\/p>\n<p>&nbsp;<\/p>\n","protected":false},"excerpt":{"rendered":"<p>&nbsp; Na svetovni dan \u0161porta je v sredo 31. maja 2023 potekala prireditev \u00bbDAN ZDRAVJA\u00ab, ki sta jo organizirali Ob\u010dina Ivan\u010dna Gorica in Lokalna akcijska skupina Suhe krajine, Temenice in Krke (LAS STIK) v okviru projekta sodelovanja SKUPAJ ZA VARNI JUTRI. Poleg LAS STIK in Ob\u010dine Ivan\u010dna Gorica je v projektu sodelovala \u0161e Ob\u010dina Trebnje.&hellip;<\/p>\n","protected":false},"author":2,"featured_media":0,"comment_status":"closed","ping_status":"closed","sticky":false,"template":"","format":"standard","meta":{"footnotes":""},"categories":[33],"tags":[],"_links":{"self":[{"href":"https:\/\/www.las-stik.si\/programsko-obdobje-2014-2020\/wp-json\/wp\/v2\/posts\/4019"}],"collection":[{"href":"https:\/\/www.las-stik.si\/programsko-obdobje-2014-2020\/wp-json\/wp\/v2\/posts"}],"about":[{"href":"https:\/\/www.las-stik.si\/programsko-obdobje-2014-2020\/wp-json\/wp\/v2\/types\/post"}],"author":[{"embeddable":true,"href":"https:\/\/www.las-stik.si\/programsko-obdobje-2014-2020\/wp-json\/wp\/v2\/users\/2"}],"replies":[{"embeddable":true,"href":"https:\/\/www.las-stik.si\/programsko-obdobje-2014-2020\/wp-json\/wp\/v2\/comments?post=4019"}],"version-history":[{"count":0,"href":"https:\/\/www.las-stik.si\/programsko-obdobje-2014-2020\/wp-json\/wp\/v2\/posts\/4019\/revisions"}],"wp:attachment":[{"href":"https:\/\/www.las-stik.si\/programsko-obdobje-2014-2020\/wp-json\/wp\/v2\/media?parent=4019"}],"wp:term":[{"taxonomy":"category","embeddable":true,"href":"https:\/\/www.las-stik.si\/programsko-obdobje-2014-2020\/wp-json\/wp\/v2\/categories?post=4019"},{"taxonomy":"post_tag","embeddable":true,"href":"https:\/\/www.las-stik.si\/programsko-obdobje-2014-2020\/wp-json\/wp\/v2\/tags?post=4019"}],"curies":[{"name":"wp","href":"https:\/\/api.w.org\/{rel}","templated":true}]}}