{"id":4080,"date":"2023-06-21T20:13:24","date_gmt":"2023-06-21T18:13:24","guid":{"rendered":"https:\/\/www.las-stik.si\/programsko-obdobje-2014-2020\/?p=4080"},"modified":"2023-06-22T10:13:32","modified_gmt":"2023-06-22T08:13:32","slug":"vabilo-na-delavnico-za-pripravo-strategije-lokalnega-razvoja-las-suhe-krajine-temenice-in-krke-las-stik-za-novo-programsko-obdobju-do-2027","status":"publish","type":"post","link":"https:\/\/www.las-stik.si\/programsko-obdobje-2014-2020\/novice\/vabilo-na-delavnico-za-pripravo-strategije-lokalnega-razvoja-las-suhe-krajine-temenice-in-krke-las-stik-za-novo-programsko-obdobju-do-2027\/","title":{"rendered":"Vabilo na delavnico za pripravo Strategije lokalnega razvoja LAS Suhe krajine, Temenice in Krke (LAS STIK) za novo programsko obdobju do 2027"},"content":{"rendered":"<p style=\"text-align: left;\">V februarju smo izvedli s cikel delavnic za pripravo nove strategije lokalnega razvoja za obmo\u010dje LAS STIK, na katerih smo preverjali dejanske potrebe obmo\u010dja.<\/p>\n<p style=\"text-align: left;\"><strong>Vabimo<\/strong> vas <strong>na skupno delavnico<\/strong> na kateri bomo <strong>\u0161e enkrat vsi skupaj preverili skupne prepoznane potrebe in prilo\u017enosti<\/strong> iz vseh delavnic, izvedenih v februarju v ob\u010dinah LAS.<\/p>\n<p style=\"text-align: left;\">Delavnica bo <strong>v ponedeljek 26. 6. 2023<\/strong> <strong>ob 17.00<\/strong>. Vabljeni, da se delavnice udele\u017eite fizi\u010dno na <strong>CIK Trebnje<\/strong>, Kidri\u010deva ulica 2, Trebnje (II. nadstropje\/u\u010dilnica 4). V kolikor se nam ne morete pridru\u017eiti fizi\u010dno vas vabimo, da se delavnice udele\u017eite na daljavo (<strong>preko zoom<\/strong>).<\/p>\n<p style=\"text-align: left;\">Za delavnico zbiramo prijave, zato vas vabimo, da se prijavite <a href=\"https:\/\/docs.google.com\/forms\/d\/e\/1FAIpQLSfvQNPdqljsttr5BFAcFRvDzJjUcWSpLSyX4IiJex77gA810w\/viewform\" target=\"_blank\" rel=\"noopener\"><strong>TUKAJ<\/strong><\/a>.<\/p>\n<p>&nbsp;<\/p>\n<p><img loading=\"lazy\" decoding=\"async\" class=\"aligncenter wp-image-4083 size-full\" src=\"https:\/\/www.las-stik.si\/programsko-obdobje-2014-2020\/wp-content\/uploads\/2023\/06\/skp.png\" alt=\"\" width=\"850\" height=\"143\" srcset=\"https:\/\/www.las-stik.si\/programsko-obdobje-2014-2020\/wp-content\/uploads\/2023\/06\/skp.png 850w, https:\/\/www.las-stik.si\/programsko-obdobje-2014-2020\/wp-content\/uploads\/2023\/06\/skp-300x50.png 300w, https:\/\/www.las-stik.si\/programsko-obdobje-2014-2020\/wp-content\/uploads\/2023\/06\/skp-150x25.png 150w, https:\/\/www.las-stik.si\/programsko-obdobje-2014-2020\/wp-content\/uploads\/2023\/06\/skp-768x129.png 768w\" sizes=\"(max-width: 850px) 100vw, 850px\" \/><\/p>\n","protected":false},"excerpt":{"rendered":"<p>V februarju smo izvedli s cikel delavnic za pripravo nove strategije lokalnega razvoja za obmo\u010dje LAS STIK, na katerih smo preverjali dejanske potrebe obmo\u010dja. Vabimo vas na skupno delavnico na kateri bomo \u0161e enkrat vsi skupaj preverili skupne prepoznane potrebe in prilo\u017enosti iz vseh delavnic, izvedenih v februarju v ob\u010dinah LAS. Delavnica bo v ponedeljek&hellip;<\/p>\n","protected":false},"author":2,"featured_media":0,"comment_status":"closed","ping_status":"closed","sticky":false,"template":"","format":"standard","meta":{"footnotes":""},"categories":[33],"tags":[],"_links":{"self":[{"href":"https:\/\/www.las-stik.si\/programsko-obdobje-2014-2020\/wp-json\/wp\/v2\/posts\/4080"}],"collection":[{"href":"https:\/\/www.las-stik.si\/programsko-obdobje-2014-2020\/wp-json\/wp\/v2\/posts"}],"about":[{"href":"https:\/\/www.las-stik.si\/programsko-obdobje-2014-2020\/wp-json\/wp\/v2\/types\/post"}],"author":[{"embeddable":true,"href":"https:\/\/www.las-stik.si\/programsko-obdobje-2014-2020\/wp-json\/wp\/v2\/users\/2"}],"replies":[{"embeddable":true,"href":"https:\/\/www.las-stik.si\/programsko-obdobje-2014-2020\/wp-json\/wp\/v2\/comments?post=4080"}],"version-history":[{"count":0,"href":"https:\/\/www.las-stik.si\/programsko-obdobje-2014-2020\/wp-json\/wp\/v2\/posts\/4080\/revisions"}],"wp:attachment":[{"href":"https:\/\/www.las-stik.si\/programsko-obdobje-2014-2020\/wp-json\/wp\/v2\/media?parent=4080"}],"wp:term":[{"taxonomy":"category","embeddable":true,"href":"https:\/\/www.las-stik.si\/programsko-obdobje-2014-2020\/wp-json\/wp\/v2\/categories?post=4080"},{"taxonomy":"post_tag","embeddable":true,"href":"https:\/\/www.las-stik.si\/programsko-obdobje-2014-2020\/wp-json\/wp\/v2\/tags?post=4080"}],"curies":[{"name":"wp","href":"https:\/\/api.w.org\/{rel}","templated":true}]}}