{"id":4091,"date":"2023-07-11T09:20:07","date_gmt":"2023-07-11T07:20:07","guid":{"rendered":"https:\/\/www.las-stik.si\/programsko-obdobje-2014-2020\/?p=4091"},"modified":"2023-07-11T09:20:07","modified_gmt":"2023-07-11T07:20:07","slug":"poletni-delovni-cas-2023","status":"publish","type":"post","link":"https:\/\/www.las-stik.si\/programsko-obdobje-2014-2020\/novice\/poletni-delovni-cas-2023\/","title":{"rendered":"Poletni delovni \u010das 2023"},"content":{"rendered":"<p><strong>Spo\u0161tovani.<\/strong><\/p>\n<p><strong>Sporo\u010damo vam, da bo v<\/strong> <strong>\u010dasu poletnih po\u010ditnic, delovni \u010das pisarne CIK Trebnje in pisarne LAS STIK spremenjen:<\/strong><\/p>\n<table>\n<tbody>\n<tr>\n<td width=\"303\">10.7. do 21.7.2023<\/td>\n<td width=\"302\">od 8.00 do 14.00<\/td>\n<\/tr>\n<tr>\n<td width=\"303\"><strong>24.7. do 4.8.2023\u00a0\u00a0\u00a0\u00a0\u00a0\u00a0\u00a0\u00a0\u00a0\u00a0\u00a0<\/strong><\/td>\n<td width=\"302\"><strong>ZAPRTO<\/strong><\/td>\n<\/tr>\n<tr>\n<td width=\"303\">7.8. do 11.8.2023<\/td>\n<td width=\"302\">od 8.00 do 14.00<\/td>\n<\/tr>\n<tr>\n<td width=\"303\"><strong>14. in 15.8.2023\u00a0\u00a0\u00a0\u00a0\u00a0\u00a0\u00a0\u00a0\u00a0\u00a0\u00a0\u00a0\u00a0<\/strong><\/td>\n<td width=\"302\"><strong>ZAPRTO<\/strong><\/td>\n<\/tr>\n<\/tbody>\n<\/table>\n<p><strong>Hvala za razumevanje.<\/strong><\/p>\n","protected":false},"excerpt":{"rendered":"<p>Spo\u0161tovani. Sporo\u010damo vam, da bo v \u010dasu poletnih po\u010ditnic, delovni \u010das pisarne CIK Trebnje in pisarne LAS STIK spremenjen: 10.7. do 21.7.2023 od 8.00 do 14.00 24.7. do 4.8.2023\u00a0\u00a0\u00a0\u00a0\u00a0\u00a0\u00a0\u00a0\u00a0\u00a0\u00a0 ZAPRTO 7.8. do 11.8.2023 od 8.00 do 14.00 14. in 15.8.2023\u00a0\u00a0\u00a0\u00a0\u00a0\u00a0\u00a0\u00a0\u00a0\u00a0\u00a0\u00a0\u00a0 ZAPRTO Hvala za razumevanje.<\/p>\n","protected":false},"author":2,"featured_media":0,"comment_status":"closed","ping_status":"closed","sticky":false,"template":"","format":"standard","meta":{"footnotes":""},"categories":[33],"tags":[],"_links":{"self":[{"href":"https:\/\/www.las-stik.si\/programsko-obdobje-2014-2020\/wp-json\/wp\/v2\/posts\/4091"}],"collection":[{"href":"https:\/\/www.las-stik.si\/programsko-obdobje-2014-2020\/wp-json\/wp\/v2\/posts"}],"about":[{"href":"https:\/\/www.las-stik.si\/programsko-obdobje-2014-2020\/wp-json\/wp\/v2\/types\/post"}],"author":[{"embeddable":true,"href":"https:\/\/www.las-stik.si\/programsko-obdobje-2014-2020\/wp-json\/wp\/v2\/users\/2"}],"replies":[{"embeddable":true,"href":"https:\/\/www.las-stik.si\/programsko-obdobje-2014-2020\/wp-json\/wp\/v2\/comments?post=4091"}],"version-history":[{"count":0,"href":"https:\/\/www.las-stik.si\/programsko-obdobje-2014-2020\/wp-json\/wp\/v2\/posts\/4091\/revisions"}],"wp:attachment":[{"href":"https:\/\/www.las-stik.si\/programsko-obdobje-2014-2020\/wp-json\/wp\/v2\/media?parent=4091"}],"wp:term":[{"taxonomy":"category","embeddable":true,"href":"https:\/\/www.las-stik.si\/programsko-obdobje-2014-2020\/wp-json\/wp\/v2\/categories?post=4091"},{"taxonomy":"post_tag","embeddable":true,"href":"https:\/\/www.las-stik.si\/programsko-obdobje-2014-2020\/wp-json\/wp\/v2\/tags?post=4091"}],"curies":[{"name":"wp","href":"https:\/\/api.w.org\/{rel}","templated":true}]}}