{"id":4105,"date":"2023-09-13T14:08:54","date_gmt":"2023-09-13T12:08:54","guid":{"rendered":"https:\/\/www.las-stik.si\/programsko-obdobje-2014-2020\/?p=4105"},"modified":"2023-09-13T14:12:22","modified_gmt":"2023-09-13T12:12:22","slug":"vabilo-za-ljubitelje-kulinarike-in-vsega-dobrega","status":"publish","type":"post","link":"https:\/\/www.las-stik.si\/programsko-obdobje-2014-2020\/novice\/vabilo-za-ljubitelje-kulinarike-in-vsega-dobrega\/","title":{"rendered":"Vabilo za ljubitelje kulinarike in vsega dobrega"},"content":{"rendered":"<h4 style=\"text-align: center;\">Dragi ljubitelji kulinarike in vsega dobrega!<\/h4>\n<p style=\"text-align: center;\">Vljudno vabljeni na pogovorna ve\u010dera z etnologinjo dr. Leo Ku\u017enik:<\/p>\n<p style=\"text-align: center;\"><strong>18. septembra<\/strong>, ob 19. uri, v Knji\u017enici Pavla Golie Trebnje ter<\/p>\n<p style=\"text-align: center;\"><strong>19. septembra<\/strong>, ob 19. uri, v Zeli\u0161\u010dni lekarni in \u010dajnici patra Simona A\u0161i\u010da v Sti\u010dni pri Ivan\u010dni Gorici.<\/p>\n<p>&nbsp;<\/p>\n<p style=\"text-align: center;\"><img loading=\"lazy\" decoding=\"async\" class=\"alignnone wp-image-4106\" src=\"https:\/\/www.las-stik.si\/programsko-obdobje-2014-2020\/wp-content\/uploads\/2023\/09\/Kulinaricni-vecer-Kuznik-Trebnje-212x300.png\" alt=\"\" width=\"292\" height=\"413\" srcset=\"https:\/\/www.las-stik.si\/programsko-obdobje-2014-2020\/wp-content\/uploads\/2023\/09\/Kulinaricni-vecer-Kuznik-Trebnje-212x300.png 212w, https:\/\/www.las-stik.si\/programsko-obdobje-2014-2020\/wp-content\/uploads\/2023\/09\/Kulinaricni-vecer-Kuznik-Trebnje-724x1024.png 724w, https:\/\/www.las-stik.si\/programsko-obdobje-2014-2020\/wp-content\/uploads\/2023\/09\/Kulinaricni-vecer-Kuznik-Trebnje-106x150.png 106w, https:\/\/www.las-stik.si\/programsko-obdobje-2014-2020\/wp-content\/uploads\/2023\/09\/Kulinaricni-vecer-Kuznik-Trebnje-768x1086.png 768w, https:\/\/www.las-stik.si\/programsko-obdobje-2014-2020\/wp-content\/uploads\/2023\/09\/Kulinaricni-vecer-Kuznik-Trebnje-1086x1536.png 1086w, https:\/\/www.las-stik.si\/programsko-obdobje-2014-2020\/wp-content\/uploads\/2023\/09\/Kulinaricni-vecer-Kuznik-Trebnje.png 1414w\" sizes=\"(max-width: 292px) 100vw, 292px\" \/><img loading=\"lazy\" decoding=\"async\" class=\"alignnone wp-image-4107\" src=\"https:\/\/www.las-stik.si\/programsko-obdobje-2014-2020\/wp-content\/uploads\/2023\/09\/Kulinaricni-vecer-Sticna-19.9-300x300.jpg\" alt=\"\" width=\"414\" height=\"414\" srcset=\"https:\/\/www.las-stik.si\/programsko-obdobje-2014-2020\/wp-content\/uploads\/2023\/09\/Kulinaricni-vecer-Sticna-19.9-300x300.jpg 300w, https:\/\/www.las-stik.si\/programsko-obdobje-2014-2020\/wp-content\/uploads\/2023\/09\/Kulinaricni-vecer-Sticna-19.9-1024x1024.jpg 1024w, https:\/\/www.las-stik.si\/programsko-obdobje-2014-2020\/wp-content\/uploads\/2023\/09\/Kulinaricni-vecer-Sticna-19.9-150x150.jpg 150w, https:\/\/www.las-stik.si\/programsko-obdobje-2014-2020\/wp-content\/uploads\/2023\/09\/Kulinaricni-vecer-Sticna-19.9-768x768.jpg 768w, https:\/\/www.las-stik.si\/programsko-obdobje-2014-2020\/wp-content\/uploads\/2023\/09\/Kulinaricni-vecer-Sticna-19.9-1536x1536.jpg 1536w, https:\/\/www.las-stik.si\/programsko-obdobje-2014-2020\/wp-content\/uploads\/2023\/09\/Kulinaricni-vecer-Sticna-19.9.jpg 1654w\" sizes=\"(max-width: 414px) 100vw, 414px\" \/><\/p>\n","protected":false},"excerpt":{"rendered":"<p>Dragi ljubitelji kulinarike in vsega dobrega! Vljudno vabljeni na pogovorna ve\u010dera z etnologinjo dr. Leo Ku\u017enik: 18. septembra, ob 19. uri, v Knji\u017enici Pavla Golie Trebnje ter 19. septembra, ob 19. uri, v Zeli\u0161\u010dni lekarni in \u010dajnici patra Simona A\u0161i\u010da v Sti\u010dni pri Ivan\u010dni Gorici. &nbsp;<\/p>\n","protected":false},"author":2,"featured_media":0,"comment_status":"closed","ping_status":"closed","sticky":false,"template":"","format":"standard","meta":{"footnotes":""},"categories":[33],"tags":[],"_links":{"self":[{"href":"https:\/\/www.las-stik.si\/programsko-obdobje-2014-2020\/wp-json\/wp\/v2\/posts\/4105"}],"collection":[{"href":"https:\/\/www.las-stik.si\/programsko-obdobje-2014-2020\/wp-json\/wp\/v2\/posts"}],"about":[{"href":"https:\/\/www.las-stik.si\/programsko-obdobje-2014-2020\/wp-json\/wp\/v2\/types\/post"}],"author":[{"embeddable":true,"href":"https:\/\/www.las-stik.si\/programsko-obdobje-2014-2020\/wp-json\/wp\/v2\/users\/2"}],"replies":[{"embeddable":true,"href":"https:\/\/www.las-stik.si\/programsko-obdobje-2014-2020\/wp-json\/wp\/v2\/comments?post=4105"}],"version-history":[{"count":0,"href":"https:\/\/www.las-stik.si\/programsko-obdobje-2014-2020\/wp-json\/wp\/v2\/posts\/4105\/revisions"}],"wp:attachment":[{"href":"https:\/\/www.las-stik.si\/programsko-obdobje-2014-2020\/wp-json\/wp\/v2\/media?parent=4105"}],"wp:term":[{"taxonomy":"category","embeddable":true,"href":"https:\/\/www.las-stik.si\/programsko-obdobje-2014-2020\/wp-json\/wp\/v2\/categories?post=4105"},{"taxonomy":"post_tag","embeddable":true,"href":"https:\/\/www.las-stik.si\/programsko-obdobje-2014-2020\/wp-json\/wp\/v2\/tags?post=4105"}],"curies":[{"name":"wp","href":"https:\/\/api.w.org\/{rel}","templated":true}]}}