{"id":4130,"date":"2023-11-10T07:50:33","date_gmt":"2023-11-10T06:50:33","guid":{"rendered":"https:\/\/www.las-stik.si\/programsko-obdobje-2014-2020\/?p=4130"},"modified":"2023-11-10T07:50:33","modified_gmt":"2023-11-10T06:50:33","slug":"vabilo-na-zeliscarsko-delavnico-zgodovina-in-legende-o-caju","status":"publish","type":"post","link":"https:\/\/www.las-stik.si\/programsko-obdobje-2014-2020\/novice\/vabilo-na-zeliscarsko-delavnico-zgodovina-in-legende-o-caju\/","title":{"rendered":"Vabilo na zeli\u0161\u010darsko delavnico \u201cZgodovina in legende o \u010daju\u201d"},"content":{"rendered":"<p class=\"paragraph\" style=\"margin: 0cm 0cm 0.0001pt; vertical-align: baseline; text-align: center;\"><span class=\"normaltextrun\"><span style=\"font-family: 'Calibri',sans-serif; color: #002060;\">Vabljeni na \u010dajno dogodiv\u0161\u010dino z izku\u0161eno zeli\u0161\u010darko Jo\u017eico Bajc Pivec<b>. <\/b>Spoznali boste \u010darobno zgodovino \u010daja, njegove legende in raznolike uporabe bodisi v zdravilstvu, kulinari\u010dnih dobrotah ali \u010darovni\u0161kih ritualih. Jo\u017eica Bajc Pivec, strokovnjakinja na podro\u010dju zeli\u0161\u010darstva in \u010dajnih obredov, bo delila svoje navdihujo\u010de znanje. Pridru\u017eite se nam in odidite z obogatenim razumevanjem sveta \u010daja. \u0160tevilo mest je omejeno, zato potrdite svojo udele\u017ebo. Pridru\u017eite se tej edinstveni prilo\u017enosti, da raziskujete \u010darobni svet \u010daja z nami.\u00a0<\/span><\/span><span class=\"eop\"><span style=\"font-family: 'Calibri',sans-serif; color: #002060;\">\u00a0<\/span><\/span><\/p>\n<p>&nbsp;<\/p>\n<p>&nbsp;<\/p>\n<p><img loading=\"lazy\" decoding=\"async\" class=\"aligncenter wp-image-4131 \" src=\"https:\/\/www.las-stik.si\/programsko-obdobje-2014-2020\/wp-content\/uploads\/2023\/11\/4.FB-SLIKA_Vabljeni-na-delavnico-Zgodovina-in-legende-o-caju.png\" alt=\"\" width=\"447\" height=\"375\" srcset=\"https:\/\/www.las-stik.si\/programsko-obdobje-2014-2020\/wp-content\/uploads\/2023\/11\/4.FB-SLIKA_Vabljeni-na-delavnico-Zgodovina-in-legende-o-caju.png 940w, https:\/\/www.las-stik.si\/programsko-obdobje-2014-2020\/wp-content\/uploads\/2023\/11\/4.FB-SLIKA_Vabljeni-na-delavnico-Zgodovina-in-legende-o-caju-300x251.png 300w, https:\/\/www.las-stik.si\/programsko-obdobje-2014-2020\/wp-content\/uploads\/2023\/11\/4.FB-SLIKA_Vabljeni-na-delavnico-Zgodovina-in-legende-o-caju-150x126.png 150w, https:\/\/www.las-stik.si\/programsko-obdobje-2014-2020\/wp-content\/uploads\/2023\/11\/4.FB-SLIKA_Vabljeni-na-delavnico-Zgodovina-in-legende-o-caju-768x644.png 768w\" sizes=\"(max-width: 447px) 100vw, 447px\" \/><\/p>\n<p>&nbsp;<\/p>\n<p class=\"paragraph\" style=\"margin: 0cm 0cm 0.0001pt; vertical-align: baseline; text-align: center;\"><span class=\"normaltextrun\"><span style=\"font-family: 'Calibri',sans-serif; color: #002060;\">Delavnica se bo izvedla v okviru projekta sodelovanja \u00bbVeriga eko zeli\u0161\u010d od Dolenjske do Krasa\u00ab in je za udele\u017eence brezpla\u010dna. <\/span><\/span><span class=\"eop\"><span style=\"font-family: 'Calibri',sans-serif; color: #002060;\">\u00a0<\/span><\/span><\/p>\n","protected":false},"excerpt":{"rendered":"<p>Vabljeni na \u010dajno dogodiv\u0161\u010dino z izku\u0161eno zeli\u0161\u010darko Jo\u017eico Bajc Pivec. Spoznali boste \u010darobno zgodovino \u010daja, njegove legende in raznolike uporabe bodisi v zdravilstvu, kulinari\u010dnih dobrotah ali \u010darovni\u0161kih ritualih. Jo\u017eica Bajc Pivec, strokovnjakinja na podro\u010dju zeli\u0161\u010darstva in \u010dajnih obredov, bo delila svoje navdihujo\u010de znanje. Pridru\u017eite se nam in odidite z obogatenim razumevanjem sveta \u010daja. \u0160tevilo mest&hellip;<\/p>\n","protected":false},"author":2,"featured_media":0,"comment_status":"closed","ping_status":"closed","sticky":false,"template":"","format":"standard","meta":{"footnotes":""},"categories":[33],"tags":[],"_links":{"self":[{"href":"https:\/\/www.las-stik.si\/programsko-obdobje-2014-2020\/wp-json\/wp\/v2\/posts\/4130"}],"collection":[{"href":"https:\/\/www.las-stik.si\/programsko-obdobje-2014-2020\/wp-json\/wp\/v2\/posts"}],"about":[{"href":"https:\/\/www.las-stik.si\/programsko-obdobje-2014-2020\/wp-json\/wp\/v2\/types\/post"}],"author":[{"embeddable":true,"href":"https:\/\/www.las-stik.si\/programsko-obdobje-2014-2020\/wp-json\/wp\/v2\/users\/2"}],"replies":[{"embeddable":true,"href":"https:\/\/www.las-stik.si\/programsko-obdobje-2014-2020\/wp-json\/wp\/v2\/comments?post=4130"}],"version-history":[{"count":0,"href":"https:\/\/www.las-stik.si\/programsko-obdobje-2014-2020\/wp-json\/wp\/v2\/posts\/4130\/revisions"}],"wp:attachment":[{"href":"https:\/\/www.las-stik.si\/programsko-obdobje-2014-2020\/wp-json\/wp\/v2\/media?parent=4130"}],"wp:term":[{"taxonomy":"category","embeddable":true,"href":"https:\/\/www.las-stik.si\/programsko-obdobje-2014-2020\/wp-json\/wp\/v2\/categories?post=4130"},{"taxonomy":"post_tag","embeddable":true,"href":"https:\/\/www.las-stik.si\/programsko-obdobje-2014-2020\/wp-json\/wp\/v2\/tags?post=4130"}],"curies":[{"name":"wp","href":"https:\/\/api.w.org\/{rel}","templated":true}]}}