{"id":4136,"date":"2023-11-20T08:07:32","date_gmt":"2023-11-20T07:07:32","guid":{"rendered":"https:\/\/www.las-stik.si\/programsko-obdobje-2014-2020\/?p=4136"},"modified":"2023-11-27T11:06:19","modified_gmt":"2023-11-27T10:06:19","slug":"vabljeni-na-serijo-delavnic-zelisca-v-sluzbi-zdravja","status":"publish","type":"post","link":"https:\/\/www.las-stik.si\/programsko-obdobje-2014-2020\/novice\/vabljeni-na-serijo-delavnic-zelisca-v-sluzbi-zdravja\/","title":{"rendered":"Vabljeni na serijo delavnic &#8220;ZELI\u0160\u010cA V SLU\u017dBI ZDRAVJA&#8221;"},"content":{"rendered":"<p>&nbsp;<\/p>\n<p><img loading=\"lazy\" decoding=\"async\" class=\"aligncenter wp-image-4146 size-full\" src=\"https:\/\/www.las-stik.si\/programsko-obdobje-2014-2020\/wp-content\/uploads\/2023\/11\/zELISCA-V-SLUZBI-ZDRAVJA_popravek.jpg\" alt=\"\" width=\"940\" height=\"788\" srcset=\"https:\/\/www.las-stik.si\/programsko-obdobje-2014-2020\/wp-content\/uploads\/2023\/11\/zELISCA-V-SLUZBI-ZDRAVJA_popravek.jpg 940w, https:\/\/www.las-stik.si\/programsko-obdobje-2014-2020\/wp-content\/uploads\/2023\/11\/zELISCA-V-SLUZBI-ZDRAVJA_popravek-300x251.jpg 300w, https:\/\/www.las-stik.si\/programsko-obdobje-2014-2020\/wp-content\/uploads\/2023\/11\/zELISCA-V-SLUZBI-ZDRAVJA_popravek-150x126.jpg 150w, https:\/\/www.las-stik.si\/programsko-obdobje-2014-2020\/wp-content\/uploads\/2023\/11\/zELISCA-V-SLUZBI-ZDRAVJA_popravek-768x644.jpg 768w\" sizes=\"(max-width: 940px) 100vw, 940px\" \/><\/p>\n<p>&nbsp;<\/p>\n<p class=\"paragraph\" style=\"text-align: center;\"><span class=\"normaltextrun\">Delavnice se izvajajo <\/span><span class=\"normaltextrun\">v okviru projekta sodelovanja \u00bbVeriga eko zeli\u0161\u010d od Dolenjske do Krasa\u00ab in so za udele\u017eence brezpla\u010dne. <\/span><span class=\"eop\">\u00a0<\/span><\/p>\n<p>&nbsp;<\/p>\n<p>&nbsp;<\/p>\n<p>&nbsp;<\/p>\n<p>&nbsp;<\/p>\n<p>&nbsp;<\/p>\n","protected":false},"excerpt":{"rendered":"<p>&nbsp; &nbsp; Delavnice se izvajajo v okviru projekta sodelovanja \u00bbVeriga eko zeli\u0161\u010d od Dolenjske do Krasa\u00ab in so za udele\u017eence brezpla\u010dne. \u00a0 &nbsp; &nbsp; &nbsp; &nbsp; &nbsp;<\/p>\n","protected":false},"author":2,"featured_media":0,"comment_status":"closed","ping_status":"closed","sticky":false,"template":"","format":"standard","meta":{"footnotes":""},"categories":[33],"tags":[],"_links":{"self":[{"href":"https:\/\/www.las-stik.si\/programsko-obdobje-2014-2020\/wp-json\/wp\/v2\/posts\/4136"}],"collection":[{"href":"https:\/\/www.las-stik.si\/programsko-obdobje-2014-2020\/wp-json\/wp\/v2\/posts"}],"about":[{"href":"https:\/\/www.las-stik.si\/programsko-obdobje-2014-2020\/wp-json\/wp\/v2\/types\/post"}],"author":[{"embeddable":true,"href":"https:\/\/www.las-stik.si\/programsko-obdobje-2014-2020\/wp-json\/wp\/v2\/users\/2"}],"replies":[{"embeddable":true,"href":"https:\/\/www.las-stik.si\/programsko-obdobje-2014-2020\/wp-json\/wp\/v2\/comments?post=4136"}],"version-history":[{"count":0,"href":"https:\/\/www.las-stik.si\/programsko-obdobje-2014-2020\/wp-json\/wp\/v2\/posts\/4136\/revisions"}],"wp:attachment":[{"href":"https:\/\/www.las-stik.si\/programsko-obdobje-2014-2020\/wp-json\/wp\/v2\/media?parent=4136"}],"wp:term":[{"taxonomy":"category","embeddable":true,"href":"https:\/\/www.las-stik.si\/programsko-obdobje-2014-2020\/wp-json\/wp\/v2\/categories?post=4136"},{"taxonomy":"post_tag","embeddable":true,"href":"https:\/\/www.las-stik.si\/programsko-obdobje-2014-2020\/wp-json\/wp\/v2\/tags?post=4136"}],"curies":[{"name":"wp","href":"https:\/\/api.w.org\/{rel}","templated":true}]}}