{"id":4182,"date":"2023-12-22T14:38:11","date_gmt":"2023-12-22T13:38:11","guid":{"rendered":"https:\/\/www.las-stik.si\/programsko-obdobje-2014-2020\/?p=4182"},"modified":"2024-01-25T14:50:18","modified_gmt":"2024-01-25T13:50:18","slug":"novo-vodstvo-las-stik","status":"publish","type":"post","link":"https:\/\/www.las-stik.si\/programsko-obdobje-2014-2020\/novice\/novo-vodstvo-las-stik\/","title":{"rendered":"Novo vodstvo LAS STIK"},"content":{"rendered":"<p>Organom LAS STIK &#8211; Predsedniku in Podpredsedniku ter Upravnemu in Nadzornemu odboru konec decembra izte\u010de mandat, zato so bile razpisane redne volitve \u010dlanov v organe LAS. Na volitvah, ki so potekale na 27. seji Skup\u0161\u010dine LAS STIK, 19. decembra 2023, so \u010dlani LAS izvolili naslednje \u010dlane organov LAS:<\/p>\n<p><strong><u>Predsednik:<\/u><\/strong> <strong>Toma\u017e Smole<\/strong><br \/>\n<strong><u>Podpredsednik:<\/u><\/strong> <strong>Rok Zupan\u010di\u010d<\/strong><\/p>\n<p><strong><u>Upravni odbor: <\/u><\/strong><\/p>\n<p>Javni sektor: <strong>Toma\u017e Smole<\/strong>, Ob\u010dina Ivan\u010dna Gorica; <strong>Rok Zupan\u010di\u010d<\/strong>, Ob\u010dina \u017du\u017eemberk; <strong>Mateja Zupan\u010di\u010d<\/strong>, Ob\u010dina Trebnje, <strong>Polona Vrtar, <\/strong>Ob\u010dina Dolenjske Toplice<\/p>\n<p>Ekonomski sektor: <strong>Du\u0161an Granda<\/strong>, Pegaz toplice d.o.o.; <strong>Barbara Jerov\u0161ek Volek<\/strong>, Zavod Dobrote Dolenjske<\/p>\n<p>Civilni sektor: <strong>Martina Hrovat<\/strong>, fizi\u010dna oseba; <strong>Vlado Kostevc<\/strong>, Turisti\u010dno dru\u0161tvo Suha krajina; <strong>\u0160pela Smuk<\/strong>, Dru\u0161tvo za razvoj in o\u017eivitev Trebnjega; <strong>mag. Du\u0161an \u0160tepec<\/strong>, Kulturno \u0161portno dru\u0161tvo Dob; <strong>Mitja Zupan\u010di\u010d<\/strong>, Prostovoljno gasilsko dru\u0161tvo Soteska<\/p>\n<p><strong><u>Nadzorni odbor: <\/u><\/strong><\/p>\n<p>Javni sektor: <strong>Andreja Pleni\u010dar<\/strong>, Knji\u017enica Pavla Golie Trebnje; <strong>Matej \u0160teh<\/strong>, Ob\u010dina Ivan\u010dna Gorica<\/p>\n<p>Ekonomski sektor: <strong>David Mrvar<\/strong>, E-mobilnost, trgovina in storitve, David Mrvar s.p.; <strong>Franc Fritz Murgelj<\/strong>, Ecetera d.o.o. PE Ivan\u010dna Gorica<\/p>\n<p>Civilni sektor: <strong>Mija Benedi\u010di\u010d<\/strong>, KUD Popotovanje Frana Levstika \u010cate\u017e; <strong>Roman Kren<\/strong>, Prostovoljno gasilsko dru\u0161tvo Dvor; <strong>Bla\u017e \u0160ercelj<\/strong>, \u010cebelarsko dru\u0161tvo Stra\u017ea-Dolenjske Toplice<\/p>\n<p>&nbsp;<\/p>\n<p>Vsem izvoljenim \u010dlanom v organe LAS \u010destitamo in jim \u017eelimo uspe\u0161no delo.<\/p>\n","protected":false},"excerpt":{"rendered":"<p>Organom LAS STIK &#8211; Predsedniku in Podpredsedniku ter Upravnemu in Nadzornemu odboru konec decembra izte\u010de mandat, zato so bile razpisane redne volitve \u010dlanov v organe LAS. Na volitvah, ki so potekale na 27. seji Skup\u0161\u010dine LAS STIK, 19. decembra 2023, so \u010dlani LAS izvolili naslednje \u010dlane organov LAS: Predsednik: Toma\u017e Smole Podpredsednik: Rok Zupan\u010di\u010d Upravni&hellip;<\/p>\n","protected":false},"author":2,"featured_media":0,"comment_status":"closed","ping_status":"closed","sticky":false,"template":"","format":"standard","meta":{"footnotes":""},"categories":[33],"tags":[],"_links":{"self":[{"href":"https:\/\/www.las-stik.si\/programsko-obdobje-2014-2020\/wp-json\/wp\/v2\/posts\/4182"}],"collection":[{"href":"https:\/\/www.las-stik.si\/programsko-obdobje-2014-2020\/wp-json\/wp\/v2\/posts"}],"about":[{"href":"https:\/\/www.las-stik.si\/programsko-obdobje-2014-2020\/wp-json\/wp\/v2\/types\/post"}],"author":[{"embeddable":true,"href":"https:\/\/www.las-stik.si\/programsko-obdobje-2014-2020\/wp-json\/wp\/v2\/users\/2"}],"replies":[{"embeddable":true,"href":"https:\/\/www.las-stik.si\/programsko-obdobje-2014-2020\/wp-json\/wp\/v2\/comments?post=4182"}],"version-history":[{"count":0,"href":"https:\/\/www.las-stik.si\/programsko-obdobje-2014-2020\/wp-json\/wp\/v2\/posts\/4182\/revisions"}],"wp:attachment":[{"href":"https:\/\/www.las-stik.si\/programsko-obdobje-2014-2020\/wp-json\/wp\/v2\/media?parent=4182"}],"wp:term":[{"taxonomy":"category","embeddable":true,"href":"https:\/\/www.las-stik.si\/programsko-obdobje-2014-2020\/wp-json\/wp\/v2\/categories?post=4182"},{"taxonomy":"post_tag","embeddable":true,"href":"https:\/\/www.las-stik.si\/programsko-obdobje-2014-2020\/wp-json\/wp\/v2\/tags?post=4182"}],"curies":[{"name":"wp","href":"https:\/\/api.w.org\/{rel}","templated":true}]}}