{"id":4208,"date":"2024-02-21T14:16:34","date_gmt":"2024-02-21T13:16:34","guid":{"rendered":"https:\/\/www.las-stik.si\/programsko-obdobje-2014-2020\/?p=4208"},"modified":"2024-02-21T14:47:25","modified_gmt":"2024-02-21T13:47:25","slug":"vabilo-na-delavnico-medovite-rastline-in-cebelji-pridelki","status":"publish","type":"post","link":"https:\/\/www.las-stik.si\/programsko-obdobje-2014-2020\/novice\/vabilo-na-delavnico-medovite-rastline-in-cebelji-pridelki\/","title":{"rendered":"Vabilo na delavnico &#8220;Medovite rastline in \u010debelji pridelki&#8221;"},"content":{"rendered":"<p style=\"text-align: center;\">\n<p style=\"text-align: center;\">Vabimo vas na delavnico &#8220;<strong>Medovite rastline in \u010debelji pridelki<\/strong>&#8220;, ki se bo odvijala v sredo, 20. marca 2024, ob 17. uri<\/p>\n<p style=\"text-align: center;\">v Hi\u0161i Kranjske \u010debele. Na delavnici bomo spoznavali medovite rastline, njihovo uporabo in vzgojo ter se nau\u010dili pravilne uporabe medu in \u010debeljih pridelkov.<\/p>\n<p style=\"text-align: center;\">Delavnica se izvaja v okviru projekta &#8220;Veriga eko zeli\u0161\u010d od Dolenjske do Krasa&#8221; in je brezpla\u010dna, zato vas vljudno vabimo, da se nam pridru\u017eite.<\/p>\n<p style=\"text-align: center;\">\n<p><img loading=\"lazy\" decoding=\"async\" class=\"wp-image-4209 aligncenter\" src=\"https:\/\/www.las-stik.si\/programsko-obdobje-2014-2020\/wp-content\/uploads\/2024\/02\/Medovite-rastline-in-cebelji-pridelki-300x300.jpg\" alt=\"\" width=\"513\" height=\"513\" srcset=\"https:\/\/www.las-stik.si\/programsko-obdobje-2014-2020\/wp-content\/uploads\/2024\/02\/Medovite-rastline-in-cebelji-pridelki-300x300.jpg 300w, https:\/\/www.las-stik.si\/programsko-obdobje-2014-2020\/wp-content\/uploads\/2024\/02\/Medovite-rastline-in-cebelji-pridelki-1024x1024.jpg 1024w, https:\/\/www.las-stik.si\/programsko-obdobje-2014-2020\/wp-content\/uploads\/2024\/02\/Medovite-rastline-in-cebelji-pridelki-150x150.jpg 150w, https:\/\/www.las-stik.si\/programsko-obdobje-2014-2020\/wp-content\/uploads\/2024\/02\/Medovite-rastline-in-cebelji-pridelki-768x768.jpg 768w, https:\/\/www.las-stik.si\/programsko-obdobje-2014-2020\/wp-content\/uploads\/2024\/02\/Medovite-rastline-in-cebelji-pridelki.jpg 1080w\" sizes=\"(max-width: 513px) 100vw, 513px\" \/><\/p>\n","protected":false},"excerpt":{"rendered":"<p>Vabimo vas na delavnico &#8220;Medovite rastline in \u010debelji pridelki&#8220;, ki se bo odvijala v sredo, 20. marca 2024, ob 17. uri v Hi\u0161i Kranjske \u010debele. Na delavnici bomo spoznavali medovite rastline, njihovo uporabo in vzgojo ter se nau\u010dili pravilne uporabe medu in \u010debeljih pridelkov. Delavnica se izvaja v okviru projekta &#8220;Veriga eko zeli\u0161\u010d od Dolenjske&hellip;<\/p>\n","protected":false},"author":2,"featured_media":0,"comment_status":"closed","ping_status":"closed","sticky":false,"template":"","format":"standard","meta":{"footnotes":""},"categories":[33],"tags":[],"_links":{"self":[{"href":"https:\/\/www.las-stik.si\/programsko-obdobje-2014-2020\/wp-json\/wp\/v2\/posts\/4208"}],"collection":[{"href":"https:\/\/www.las-stik.si\/programsko-obdobje-2014-2020\/wp-json\/wp\/v2\/posts"}],"about":[{"href":"https:\/\/www.las-stik.si\/programsko-obdobje-2014-2020\/wp-json\/wp\/v2\/types\/post"}],"author":[{"embeddable":true,"href":"https:\/\/www.las-stik.si\/programsko-obdobje-2014-2020\/wp-json\/wp\/v2\/users\/2"}],"replies":[{"embeddable":true,"href":"https:\/\/www.las-stik.si\/programsko-obdobje-2014-2020\/wp-json\/wp\/v2\/comments?post=4208"}],"version-history":[{"count":0,"href":"https:\/\/www.las-stik.si\/programsko-obdobje-2014-2020\/wp-json\/wp\/v2\/posts\/4208\/revisions"}],"wp:attachment":[{"href":"https:\/\/www.las-stik.si\/programsko-obdobje-2014-2020\/wp-json\/wp\/v2\/media?parent=4208"}],"wp:term":[{"taxonomy":"category","embeddable":true,"href":"https:\/\/www.las-stik.si\/programsko-obdobje-2014-2020\/wp-json\/wp\/v2\/categories?post=4208"},{"taxonomy":"post_tag","embeddable":true,"href":"https:\/\/www.las-stik.si\/programsko-obdobje-2014-2020\/wp-json\/wp\/v2\/tags?post=4208"}],"curies":[{"name":"wp","href":"https:\/\/api.w.org\/{rel}","templated":true}]}}