{"id":4274,"date":"2024-05-27T12:32:11","date_gmt":"2024-05-27T10:32:11","guid":{"rendered":"https:\/\/www.las-stik.si\/programsko-obdobje-2014-2020\/?p=4274"},"modified":"2024-05-27T12:32:11","modified_gmt":"2024-05-27T10:32:11","slug":"uspesno-izvedena-1-borza-lokalnih-ponudnikov-obmocja-las-stik","status":"publish","type":"post","link":"https:\/\/www.las-stik.si\/programsko-obdobje-2014-2020\/novice\/uspesno-izvedena-1-borza-lokalnih-ponudnikov-obmocja-las-stik\/","title":{"rendered":"Uspe\u0161no izvedena 1. borza lokalnih ponudnikov obmo\u010dja LAS STIK"},"content":{"rendered":"<p style=\"text-align: left;\">V \u010detrtek 23. maja 2024 je v Dolenjskih Toplicah potekala <strong>1. borza lokalnih ponudnikov<\/strong> z obmo\u010dja ob\u010din Dolenjske Toplice, Ivan\u010dna Gorica, Trebnje in \u017du\u017eemberk, ki jo je organizirala LAS STIK v sodelovanju z Dru\u0161tvom turisti\u010dnih novinarjev Slovenije in Marjano Gr\u010dman.<\/p>\n<p style=\"text-align: left;\">Na borzi se je dru\u017eilo in mre\u017eilo okoli 30 ponudnikov z namenom ve\u010djega povezovanja in sodelovanja: <a href=\"http:\/\/www.ciktrebnje.si\">CIK TREBNJE<\/a>, <a href=\"https:\/\/galerijatrebnje.si\/\">GALERIJA LIKOVNIH SAMORASTNIKOV TREBNJE<\/a>, <a href=\"https:\/\/www.las-stik.si\/programsko-obdobje-2014-2020\">LAS STIK<\/a>, <a href=\"https:\/\/dobrote-dolenjske.si\/\">ZAVOD DOBROTE DOLENJSKE<\/a>, <a href=\"https:\/\/vinogradniki-lisec.si\/\">VINOGRADNI\u0160KO DRU\u0160TVO LISEC<\/a>, <a href=\"http:\/\/www.ekosirarna.si\">EKOLO\u0160KA KMETIJA KUKEMBERGER<\/a>, <a href=\"https:\/\/www.facebook.com\/praetoriumlatobicorum\/\">DRU\u0160TVO PRETORIUM LATOBICORUM<\/a>, <a href=\"http:\/\/www.eving-oblikovanje.si\">EVING OBLIKOVANJE<\/a>, <a href=\"https:\/\/www.facebook.com\/people\/EKO-kmetija-Rogelj\/100089638127137\/\">KMETIJA ROGELJ<\/a>, <a href=\"https:\/\/drustvozenatavzentroza.com\">DRU\u0160TVO PODE\u017dELSKIH \u017dENA TAV\u017dENTRO\u017dA<\/a>, <a href=\"https:\/\/tic.dolenjske-toplice.si\/Home?lang=si\">TIC DOLENJSKE TOPLICE<\/a>, <a href=\"https:\/\/berryshka.com\/\">BERRYSHKA<\/a>, <a href=\"https:\/\/www.facebook.com\/devilstrails\/\">DEVIL\u00b4S TRAILS<\/a>, <a href=\"http:\/\/www.ostarija-herbelier.com\">O\u0160TARIJA HERBERLIER<\/a>, <a href=\"https:\/\/cebelarstvo-sercelj.si\/\">\u010cEBELARSTVO \u0160ERCELJ<\/a>, KMETIJA GRIL, <a href=\"https:\/\/prijetnodomace.si\/\">ZAVOD PRIJETNO DOMA\u010cE<\/a> (HI\u0160A KRANJSKE \u010cEBELE, JUR\u010cI\u010cEVA DOMA\u010cIJA), <a href=\"https:\/\/cukarca.si\/wp\/\">PARK CUKARCA<\/a>, <a href=\"https:\/\/www.mks-sticna.si\/slo\">MUZEJ KR\u0160\u010cANSTVA NA SLOVENSKEM<\/a>, <a href=\"https:\/\/pristava.si\/\">TURISTI\u010cNA VAS PRISTAVA<\/a>, <a href=\"https:\/\/potdozdravja.si\/\">ZAVOD ZA OSEBNO RAST IN RAZVOJ POT DO ZDRAVJA<\/a>, <a href=\"https:\/\/blatnikovhram.si\/\">BLATNIKOV HRAM<\/a>, <a href=\"https:\/\/www.facebook.com\/turisticno.krajina\/?locale=sl_SI\">TURISTI\u010cNO DRU\u0160TVO SUHA KRAJINA<\/a>, B&amp;D MIZARSKE STORITVE IN IZDELAVA UNIKATNIH IZDELKOV DAMJAN NOVAK S.P., SLIKANJE NA STEKLO JURJEVI\u010c IVAN JURJEVI\u010c S.P., <a href=\"https:\/\/sladekgreh.com\/\">SLADEK GREH<\/a><\/p>\n<p style=\"text-align: left;\">Ob zaklju\u010dku borze so predstavniki Ob\u010din, javnih zavodov, ki na obmo\u010dju spodbujajo turizem, predsednica Dru\u0161tva turisti\u010dnih novinarjev Slovenije in predsednik LAS STIK <strong>podpisali Zavezo o krepitvi turisti\u010dnega sodelovanja na obmo\u010dju LAS STIK<\/strong>.<\/p>\n<p><img loading=\"lazy\" decoding=\"async\" class=\"aligncenter wp-image-4275 size-full\" src=\"https:\/\/www.las-stik.si\/programsko-obdobje-2014-2020\/wp-content\/uploads\/2024\/05\/Fotografije_1-borza-lokalnih-ponudnikov_23-5-2024.jpg\" alt=\"\" width=\"2481\" height=\"1755\" srcset=\"https:\/\/www.las-stik.si\/programsko-obdobje-2014-2020\/wp-content\/uploads\/2024\/05\/Fotografije_1-borza-lokalnih-ponudnikov_23-5-2024.jpg 2481w, https:\/\/www.las-stik.si\/programsko-obdobje-2014-2020\/wp-content\/uploads\/2024\/05\/Fotografije_1-borza-lokalnih-ponudnikov_23-5-2024-300x212.jpg 300w, https:\/\/www.las-stik.si\/programsko-obdobje-2014-2020\/wp-content\/uploads\/2024\/05\/Fotografije_1-borza-lokalnih-ponudnikov_23-5-2024-1024x724.jpg 1024w, https:\/\/www.las-stik.si\/programsko-obdobje-2014-2020\/wp-content\/uploads\/2024\/05\/Fotografije_1-borza-lokalnih-ponudnikov_23-5-2024-150x106.jpg 150w, https:\/\/www.las-stik.si\/programsko-obdobje-2014-2020\/wp-content\/uploads\/2024\/05\/Fotografije_1-borza-lokalnih-ponudnikov_23-5-2024-768x543.jpg 768w, https:\/\/www.las-stik.si\/programsko-obdobje-2014-2020\/wp-content\/uploads\/2024\/05\/Fotografije_1-borza-lokalnih-ponudnikov_23-5-2024-1536x1087.jpg 1536w, https:\/\/www.las-stik.si\/programsko-obdobje-2014-2020\/wp-content\/uploads\/2024\/05\/Fotografije_1-borza-lokalnih-ponudnikov_23-5-2024-2048x1449.jpg 2048w\" sizes=\"(max-width: 2481px) 100vw, 2481px\" \/><\/p>\n<p>&nbsp;<\/p>\n<p>&nbsp;<\/p>\n<p><img loading=\"lazy\" decoding=\"async\" class=\"aligncenter wp-image-3682 size-medium\" src=\"https:\/\/www.las-stik.si\/programsko-obdobje-2014-2020\/wp-content\/uploads\/2022\/01\/PRP-LEADER-EU-SLO-barvni-1-300x74.jpg\" alt=\"\" width=\"300\" height=\"74\" srcset=\"https:\/\/www.las-stik.si\/programsko-obdobje-2014-2020\/wp-content\/uploads\/2022\/01\/PRP-LEADER-EU-SLO-barvni-1-300x74.jpg 300w, https:\/\/www.las-stik.si\/programsko-obdobje-2014-2020\/wp-content\/uploads\/2022\/01\/PRP-LEADER-EU-SLO-barvni-1-1024x253.jpg 1024w, https:\/\/www.las-stik.si\/programsko-obdobje-2014-2020\/wp-content\/uploads\/2022\/01\/PRP-LEADER-EU-SLO-barvni-1-150x37.jpg 150w, https:\/\/www.las-stik.si\/programsko-obdobje-2014-2020\/wp-content\/uploads\/2022\/01\/PRP-LEADER-EU-SLO-barvni-1-768x190.jpg 768w, https:\/\/www.las-stik.si\/programsko-obdobje-2014-2020\/wp-content\/uploads\/2022\/01\/PRP-LEADER-EU-SLO-barvni-1-1536x380.jpg 1536w, https:\/\/www.las-stik.si\/programsko-obdobje-2014-2020\/wp-content\/uploads\/2022\/01\/PRP-LEADER-EU-SLO-barvni-1-2048x507.jpg 2048w\" sizes=\"(max-width: 300px) 100vw, 300px\" \/><\/p>\n","protected":false},"excerpt":{"rendered":"<p>V \u010detrtek 23. maja 2024 je v Dolenjskih Toplicah potekala 1. borza lokalnih ponudnikov z obmo\u010dja ob\u010din Dolenjske Toplice, Ivan\u010dna Gorica, Trebnje in \u017du\u017eemberk, ki jo je organizirala LAS STIK v sodelovanju z Dru\u0161tvom turisti\u010dnih novinarjev Slovenije in Marjano Gr\u010dman. Na borzi se je dru\u017eilo in mre\u017eilo okoli 30 ponudnikov z namenom ve\u010djega povezovanja in&hellip;<\/p>\n","protected":false},"author":2,"featured_media":0,"comment_status":"closed","ping_status":"closed","sticky":false,"template":"","format":"standard","meta":{"footnotes":""},"categories":[33],"tags":[],"_links":{"self":[{"href":"https:\/\/www.las-stik.si\/programsko-obdobje-2014-2020\/wp-json\/wp\/v2\/posts\/4274"}],"collection":[{"href":"https:\/\/www.las-stik.si\/programsko-obdobje-2014-2020\/wp-json\/wp\/v2\/posts"}],"about":[{"href":"https:\/\/www.las-stik.si\/programsko-obdobje-2014-2020\/wp-json\/wp\/v2\/types\/post"}],"author":[{"embeddable":true,"href":"https:\/\/www.las-stik.si\/programsko-obdobje-2014-2020\/wp-json\/wp\/v2\/users\/2"}],"replies":[{"embeddable":true,"href":"https:\/\/www.las-stik.si\/programsko-obdobje-2014-2020\/wp-json\/wp\/v2\/comments?post=4274"}],"version-history":[{"count":0,"href":"https:\/\/www.las-stik.si\/programsko-obdobje-2014-2020\/wp-json\/wp\/v2\/posts\/4274\/revisions"}],"wp:attachment":[{"href":"https:\/\/www.las-stik.si\/programsko-obdobje-2014-2020\/wp-json\/wp\/v2\/media?parent=4274"}],"wp:term":[{"taxonomy":"category","embeddable":true,"href":"https:\/\/www.las-stik.si\/programsko-obdobje-2014-2020\/wp-json\/wp\/v2\/categories?post=4274"},{"taxonomy":"post_tag","embeddable":true,"href":"https:\/\/www.las-stik.si\/programsko-obdobje-2014-2020\/wp-json\/wp\/v2\/tags?post=4274"}],"curies":[{"name":"wp","href":"https:\/\/api.w.org\/{rel}","templated":true}]}}