{"id":4315,"date":"2024-09-02T09:47:58","date_gmt":"2024-09-02T07:47:58","guid":{"rendered":"https:\/\/www.las-stik.si\/programsko-obdobje-2014-2020\/?p=4315"},"modified":"2024-09-02T09:47:58","modified_gmt":"2024-09-02T07:47:58","slug":"informacije-o-podpori-leader-clld","status":"publish","type":"post","link":"https:\/\/www.las-stik.si\/programsko-obdobje-2014-2020\/novice\/informacije-o-podpori-leader-clld\/","title":{"rendered":"Informacije o podpori LEADER\/CLLD"},"content":{"rendered":"<p><strong><em>LOKALNA AKCIJSKA SKUPINA<\/em><\/strong> <strong><em>SUHE KRAJINE, TEMENICE IN KRKE <\/em><\/strong><\/p>\n<p><em>je namenjena povezovanju, tesnej\u0161emu sodelovanju med ob\u010dinami in spodbujanju celovitega in uravnote\u017eenega razvoja v ob\u010dinah<\/em><em> Dolenjske Toplice,<\/em> <em>Ivan\u010dna Gorica, Trebnje in \u017du\u017eemberk po pristopu \u00bbod spodaj navzgor\u00ab.<\/em><\/p>\n<p><strong>Naziv intervencije:<\/strong><\/p>\n<p>Lokalni razvoj, ki ga vodi skupnost (LEADER\/ CLLD).<\/p>\n<p><strong>Naziv projekta (podpora):<\/strong><\/p>\n<p>Podpora za upravljanje LAS.<\/p>\n<p><strong>Kratek opis projekta (podpore):<\/strong><\/p>\n<p>Podpora za upravljanje LAS je namenjena sofinanciranju stro\u0161kov, ki so nastali pri upravljanju in delovanju LAS, vklju\u010dno s spremljanjem in vrednotenjem odobrene strategije lokalnega razvoja (SLR), animacijo obmo\u010dja LAS in pomo\u010di morebitnim upravi\u010dencem za razvijanje projektnih idej in pripravo projektov.<\/p>\n<p><strong>Cilji in rezultati projekta (podpore):<\/strong><\/p>\n<p>Cilj lokalnega razvoja, ki ga vodi skupnost s pristopom LEADER\/CLLD je spodbujanje celovitega in uravnote\u017eenega razvoja lokalnih obmo\u010dij po pristopu \u201cod spodaj navzgor\u201d z odobrenimi SLR. Podpora v okviru izvajanja pristopa LEADER\/CLLD iz skladov EKSRP in ESRR se nameni za upravljanje, spremljanje in vrednotenje SLR ter njene animacije. Podpora financiranja je iz Evropske unije.<\/p>\n<p>Spletni strani:<\/p>\n<p><a href=\"https:\/\/evropskasredstva.si\"><strong>https:\/\/evropskasredstva.si\/<\/strong><\/a><\/p>\n<p><a href=\"https:\/\/skp.si\"><strong>https:\/\/skp.si\/<\/strong><\/a><\/p>\n<p><img loading=\"lazy\" decoding=\"async\" class=\"alignnone size-full wp-image-4205\" src=\"https:\/\/www.las-stik.si\/programsko-obdobje-2014-2020\/wp-content\/uploads\/2024\/02\/Logotipi_pasica_2023-do-2027.png\" alt=\"\" width=\"678\" height=\"66\" srcset=\"https:\/\/www.las-stik.si\/programsko-obdobje-2014-2020\/wp-content\/uploads\/2024\/02\/Logotipi_pasica_2023-do-2027.png 678w, https:\/\/www.las-stik.si\/programsko-obdobje-2014-2020\/wp-content\/uploads\/2024\/02\/Logotipi_pasica_2023-do-2027-300x29.png 300w, https:\/\/www.las-stik.si\/programsko-obdobje-2014-2020\/wp-content\/uploads\/2024\/02\/Logotipi_pasica_2023-do-2027-150x15.png 150w\" sizes=\"(max-width: 678px) 100vw, 678px\" \/><\/p>\n","protected":false},"excerpt":{"rendered":"<p>LOKALNA AKCIJSKA SKUPINA SUHE KRAJINE, TEMENICE IN KRKE je namenjena povezovanju, tesnej\u0161emu sodelovanju med ob\u010dinami in spodbujanju celovitega in uravnote\u017eenega razvoja v ob\u010dinah Dolenjske Toplice, Ivan\u010dna Gorica, Trebnje in \u017du\u017eemberk po pristopu \u00bbod spodaj navzgor\u00ab. Naziv intervencije: Lokalni razvoj, ki ga vodi skupnost (LEADER\/ CLLD). Naziv projekta (podpora): Podpora za upravljanje LAS. Kratek opis projekta&hellip;<\/p>\n","protected":false},"author":2,"featured_media":0,"comment_status":"closed","ping_status":"closed","sticky":false,"template":"","format":"standard","meta":{"footnotes":""},"categories":[33],"tags":[],"_links":{"self":[{"href":"https:\/\/www.las-stik.si\/programsko-obdobje-2014-2020\/wp-json\/wp\/v2\/posts\/4315"}],"collection":[{"href":"https:\/\/www.las-stik.si\/programsko-obdobje-2014-2020\/wp-json\/wp\/v2\/posts"}],"about":[{"href":"https:\/\/www.las-stik.si\/programsko-obdobje-2014-2020\/wp-json\/wp\/v2\/types\/post"}],"author":[{"embeddable":true,"href":"https:\/\/www.las-stik.si\/programsko-obdobje-2014-2020\/wp-json\/wp\/v2\/users\/2"}],"replies":[{"embeddable":true,"href":"https:\/\/www.las-stik.si\/programsko-obdobje-2014-2020\/wp-json\/wp\/v2\/comments?post=4315"}],"version-history":[{"count":0,"href":"https:\/\/www.las-stik.si\/programsko-obdobje-2014-2020\/wp-json\/wp\/v2\/posts\/4315\/revisions"}],"wp:attachment":[{"href":"https:\/\/www.las-stik.si\/programsko-obdobje-2014-2020\/wp-json\/wp\/v2\/media?parent=4315"}],"wp:term":[{"taxonomy":"category","embeddable":true,"href":"https:\/\/www.las-stik.si\/programsko-obdobje-2014-2020\/wp-json\/wp\/v2\/categories?post=4315"},{"taxonomy":"post_tag","embeddable":true,"href":"https:\/\/www.las-stik.si\/programsko-obdobje-2014-2020\/wp-json\/wp\/v2\/tags?post=4315"}],"curies":[{"name":"wp","href":"https:\/\/api.w.org\/{rel}","templated":true}]}}