{"id":4323,"date":"2024-09-11T08:57:58","date_gmt":"2024-09-11T06:57:58","guid":{"rendered":"https:\/\/www.las-stik.si\/programsko-obdobje-2014-2020\/?p=4323"},"modified":"2024-09-11T08:57:58","modified_gmt":"2024-09-11T06:57:58","slug":"delavnica-uporaba-liofiliziranih-zacimb-in-drugih-zivil-v-visoki-kulinariki","status":"publish","type":"post","link":"https:\/\/www.las-stik.si\/programsko-obdobje-2014-2020\/nekategorizirano\/delavnica-uporaba-liofiliziranih-zacimb-in-drugih-zivil-v-visoki-kulinariki\/","title":{"rendered":"Delavnica Uporaba liofiliziranih za\u010dimb in drugih \u017eivil v visoki kulinariki"},"content":{"rendered":"<p>Vabimo Vas, da se udele\u017eite edinstvene delavnice z g. Robertom Gregor\u010di\u010dem <strong>Uporaba liofiliziranih za\u010dimb in drugih \u017eivil v visoki kulinariki.<\/strong><\/p>\n<p>Z chef-om Robertom Gregor\u010di\u010dem bomo pripravili jagnje\u010djo kra\u010do z ro\u017emarinom, pi\u0161\u010dan\u010dji file s pehtranom in melisin hladni \u010daj.<\/p>\n<p>Zagotovo pa ne bo manjkalo predstavitve zeli\u0161\u010d in razlaga pomena za zdravje.<\/p>\n<p><strong>Kje: Sitarjeva hi\u0161a, Sokolski trg 1, Dolenjske Toplice<\/strong><\/p>\n<p><strong>Kdaj: v torek, 17. 9. 2024, ob 17. uri<\/strong><\/p>\n<p><strong>\u0160tevilo mest je omejeno!<\/strong><\/p>\n<p>&nbsp;<\/p>\n<p>Vabljeni.<\/p>\n<p><strong><img loading=\"lazy\" decoding=\"async\" class=\"size-full wp-image-4324 aligncenter\" src=\"https:\/\/www.las-stik.si\/programsko-obdobje-2014-2020\/wp-content\/uploads\/2024\/09\/Vabilo_Gregorcic-DT.jpg\" alt=\"\" width=\"1080\" height=\"1080\" srcset=\"https:\/\/www.las-stik.si\/programsko-obdobje-2014-2020\/wp-content\/uploads\/2024\/09\/Vabilo_Gregorcic-DT.jpg 1080w, https:\/\/www.las-stik.si\/programsko-obdobje-2014-2020\/wp-content\/uploads\/2024\/09\/Vabilo_Gregorcic-DT-300x300.jpg 300w, https:\/\/www.las-stik.si\/programsko-obdobje-2014-2020\/wp-content\/uploads\/2024\/09\/Vabilo_Gregorcic-DT-1024x1024.jpg 1024w, https:\/\/www.las-stik.si\/programsko-obdobje-2014-2020\/wp-content\/uploads\/2024\/09\/Vabilo_Gregorcic-DT-150x150.jpg 150w, https:\/\/www.las-stik.si\/programsko-obdobje-2014-2020\/wp-content\/uploads\/2024\/09\/Vabilo_Gregorcic-DT-768x768.jpg 768w\" sizes=\"(max-width: 1080px) 100vw, 1080px\" \/><\/strong><\/p>\n","protected":false},"excerpt":{"rendered":"<p>Vabimo Vas, da se udele\u017eite edinstvene delavnice z g. Robertom Gregor\u010di\u010dem Uporaba liofiliziranih za\u010dimb in drugih \u017eivil v visoki kulinariki. Z chef-om Robertom Gregor\u010di\u010dem bomo pripravili jagnje\u010djo kra\u010do z ro\u017emarinom, pi\u0161\u010dan\u010dji file s pehtranom in melisin hladni \u010daj. Zagotovo pa ne bo manjkalo predstavitve zeli\u0161\u010d in razlaga pomena za zdravje. Kje: Sitarjeva hi\u0161a, Sokolski trg&hellip;<\/p>\n","protected":false},"author":2,"featured_media":0,"comment_status":"closed","ping_status":"closed","sticky":false,"template":"","format":"standard","meta":{"footnotes":""},"categories":[1,33],"tags":[],"_links":{"self":[{"href":"https:\/\/www.las-stik.si\/programsko-obdobje-2014-2020\/wp-json\/wp\/v2\/posts\/4323"}],"collection":[{"href":"https:\/\/www.las-stik.si\/programsko-obdobje-2014-2020\/wp-json\/wp\/v2\/posts"}],"about":[{"href":"https:\/\/www.las-stik.si\/programsko-obdobje-2014-2020\/wp-json\/wp\/v2\/types\/post"}],"author":[{"embeddable":true,"href":"https:\/\/www.las-stik.si\/programsko-obdobje-2014-2020\/wp-json\/wp\/v2\/users\/2"}],"replies":[{"embeddable":true,"href":"https:\/\/www.las-stik.si\/programsko-obdobje-2014-2020\/wp-json\/wp\/v2\/comments?post=4323"}],"version-history":[{"count":0,"href":"https:\/\/www.las-stik.si\/programsko-obdobje-2014-2020\/wp-json\/wp\/v2\/posts\/4323\/revisions"}],"wp:attachment":[{"href":"https:\/\/www.las-stik.si\/programsko-obdobje-2014-2020\/wp-json\/wp\/v2\/media?parent=4323"}],"wp:term":[{"taxonomy":"category","embeddable":true,"href":"https:\/\/www.las-stik.si\/programsko-obdobje-2014-2020\/wp-json\/wp\/v2\/categories?post=4323"},{"taxonomy":"post_tag","embeddable":true,"href":"https:\/\/www.las-stik.si\/programsko-obdobje-2014-2020\/wp-json\/wp\/v2\/tags?post=4323"}],"curies":[{"name":"wp","href":"https:\/\/api.w.org\/{rel}","templated":true}]}}